{"id":186117,"date":"2025-12-13T00:21:14","date_gmt":"2025-12-13T00:21:14","guid":{"rendered":"https:\/\/www.europesays.com\/pt\/186117\/"},"modified":"2025-12-13T00:21:14","modified_gmt":"2025-12-13T00:21:14","slug":"virginia-fonseca-teria-pedido-para-nao-ser-abordada-em-festa-de-programa-diz-dj-r7-entretenimento","status":"publish","type":"post","link":"https:\/\/www.europesays.com\/pt\/186117\/","title":{"rendered":"Virginia Fonseca teria pedido para n\u00e3o ser abordada em festa de programa, diz DJ \u2013 R7 Entretenimento"},"content":{"rendered":"<p>A confus\u00e3o na festa de Virginia Fonseca continua rendendo! Agora, o DJ Fernando, conhecido como o DJ dos famosos e que tocou na festa, confirmou a hist\u00f3ria de que a empres\u00e1ria e influenciadora foi embora antes do meio da festa. Ele disse que Virginia saiu sem falar com ningu\u00e9m, entrou no carro e fez todo mundo se revoltar. &#8220;A assessora pediu para ningu\u00e9m incomodar ela [Virginia], para ficar sossegada [na festa]&#8221;, declarou DJ Fernando.<\/p>\n<p>Um patrocinador da festa deu a mesma vers\u00e3o e acrescentou que a empres\u00e1ria foi \u201cdeselegante\u201d com os fornecedores que deram comida e bebida de gra\u00e7a, e que ela poderia ter tirado foto com todos em agradecimento ao trabalho. Segundo ele, se Virginia fosse abordada por algu\u00e9m no local, poderia nem entrar na festa.<\/p>\n<p>J\u00e1 o organizador do evento, Adilson Ferreira, relatou que os fornecedores se sentiram desconfort\u00e1veis diante da recusa de Virginia em fazer fotos ou interagir com eles, mostrando uma postura &#8220;arrogante e pouco receptiva, gerando constrangimento&#8221;. Adilson ainda citou que j\u00e1 organizou a festa de fim de ano do programa de Celso Portiolli e que a postura dele foi totalmente diferente, com o apresentador sendo simp\u00e1tico e rec\u00edproco com todos.<\/p>\n<p>A assessoria de Virginia ressaltou que a ex de Z\u00e9 Felipe n\u00e3o participou da organiza\u00e7\u00e3o da festa, que ficou sob a responsabilidade da produ\u00e7\u00e3o do SBT, e que ela cumpriu com o que foi combinado. Segundo a equipe de Virginia, o problema foi que o organizador da festa, Adilson, levou muito mais gente do que o combinado em uma festa privada e, na hora da confus\u00e3o, ele teria sumido.<\/p>\n<p>Em nota, o SBT alega que n\u00e3o tem culpa se o organizador da festa prometeu de forma unilateral aos fornecedores que Virginia tiraria fotos em troca. A emissora at\u00e9 se ofereceu para pagar a comida e a bebida ou fazer uma divulga\u00e7\u00e3o gratuita nas redes sociais do programa.<\/p>\n<p><b>O PlayPlus agora \u00e9 RecordPlus: mais conte\u00fado da RECORD para voc\u00ea, ao vivo e de gra\u00e7a. Baixe o app <b><a href=\"https:\/\/descubra.recordplus.com\/\" rel=\"nofollow noopener\" target=\"_blank\">aqui!<\/a><\/b><\/b><\/p>\n","protected":false},"excerpt":{"rendered":"A confus\u00e3o na festa de Virginia Fonseca continua rendendo! Agora, o DJ Fernando, conhecido como o DJ dos&hellip;\n","protected":false},"author":2,"featured_media":186118,"comment_status":"","ping_status":"","sticky":false,"template":"","format":"standard","meta":{"footnotes":""},"categories":[145],"tags":[4552,211,210,114,115,2771,32,33,973],"class_list":{"0":"post-186117","1":"post","2":"type-post","3":"status-publish","4":"format-standard","5":"has-post-thumbnail","7":"category-celebridades","8":"tag-a-hora-da-venenosa","9":"tag-celebridades","10":"tag-celebrities","11":"tag-entertainment","12":"tag-entretenimento","13":"tag-polemica","14":"tag-portugal","15":"tag-pt","16":"tag-virginia"},"share_on_mastodon":{"url":"https:\/\/pubeurope.com\/@pt\/115709403680011554","error":""},"_links":{"self":[{"href":"https:\/\/www.europesays.com\/pt\/wp-json\/wp\/v2\/posts\/186117","targetHints":{"allow":["GET"]}}],"collection":[{"href":"https:\/\/www.europesays.com\/pt\/wp-json\/wp\/v2\/posts"}],"about":[{"href":"https:\/\/www.europesays.com\/pt\/wp-json\/wp\/v2\/types\/post"}],"author":[{"embeddable":true,"href":"https:\/\/www.europesays.com\/pt\/wp-json\/wp\/v2\/users\/2"}],"replies":[{"embeddable":true,"href":"https:\/\/www.europesays.com\/pt\/wp-json\/wp\/v2\/comments?post=186117"}],"version-history":[{"count":0,"href":"https:\/\/www.europesays.com\/pt\/wp-json\/wp\/v2\/posts\/186117\/revisions"}],"wp:featuredmedia":[{"embeddable":true,"href":"https:\/\/www.europesays.com\/pt\/wp-json\/wp\/v2\/media\/186118"}],"wp:attachment":[{"href":"https:\/\/www.europesays.com\/pt\/wp-json\/wp\/v2\/media?parent=186117"}],"wp:term":[{"taxonomy":"category","embeddable":true,"href":"https:\/\/www.europesays.com\/pt\/wp-json\/wp\/v2\/categories?post=186117"},{"taxonomy":"post_tag","embeddable":true,"href":"https:\/\/www.europesays.com\/pt\/wp-json\/wp\/v2\/tags?post=186117"}],"curies":[{"name":"wp","href":"https:\/\/api.w.org\/{rel}","templated":true}]}}