{"id":186123,"date":"2025-12-13T00:27:11","date_gmt":"2025-12-13T00:27:11","guid":{"rendered":"https:\/\/www.europesays.com\/pt\/186123\/"},"modified":"2025-12-13T00:27:11","modified_gmt":"2025-12-13T00:27:11","slug":"norberto-alves-explica-eliminacao-da-taca-merito-ao-sc-braga-mas-estivemos-mal","status":"publish","type":"post","link":"https:\/\/www.europesays.com\/pt\/186123\/","title":{"rendered":"Norberto Alves explica elimina\u00e7\u00e3o da Ta\u00e7a: \u00abM\u00e9rito ao SC Braga, mas estivemos mal\u00bb"},"content":{"rendered":"<p>O Benfica foi eliminado da Ta\u00e7a de Portugal de basquetebol pelo SC Braga em pleno pavilh\u00e3o da Luz, cedendo aos minhotos por 81-82 nos oitavos de final da prova-rainha.<\/p>\n<p>Ap\u00f3s a partida, o treinador dos tetracampe\u00f5es nacionais,\u00a0Norberto Alves, explicou a derrota, a primeira do Benfica em casa em dois anos e um m\u00eas (721 dias).<\/p>\n<p>\u00abPrimeira coisa: eles ganharam com muito m\u00e9rito. N\u00f3s estivemos mal, nomeadamente na efic\u00e1cia do tiro exterior, tivemos apenas 14%. N\u00e3o come\u00e7\u00e1mos bem o jogo, deix\u00e1mos, de alguma maneira, que eles, que vinham de uma s\u00e9rie positiva de vit\u00f3rias, com jogadores com qualidade, t\u00ednhamos dito isso antes do jogo&#8230; deix\u00e1mo-los estar no jogo\u00bb, come\u00e7ou por afirmar o t\u00e9cnico.<\/p>\n<p>\u00abConseguimos, ali num momento, virar outra vez o jogo, mas nunca conseguimos realmente fechar o jogo, digamos assim. Quando o jogo se arrasta at\u00e9 aos \u00faltimos segundos, pode cair para qualquer lado, mas, como disse, ganharam com m\u00e9rito\u00bb, disse.<\/p>\n<p>\u00abTemos de olhar para n\u00f3s, como \u00e9 evidente. Pass\u00e1mos uma semana tamb\u00e9m complicada, com algumas les\u00f5es. Um jogador muito importante para n\u00f3s, que \u00e9 o Justice\u00a0Sueing, tamb\u00e9m\u00a0ficou\u00a0de fora, podia-nos dar algum\u00a0atleticismo\u00a0que hoje nos faltou, mas n\u00e3o tirando aquilo que \u00e9 o m\u00e9rito deles\u00bb, refor\u00e7ou Norberto Alves.<\/p>\n<p>\u00abCome\u00e7aram bem, acreditaram sempre, e, quando \u00e9 assim, temos \u00e9 de dar os parab\u00e9ns ao nosso advers\u00e1rio. N\u00e3o \u00e9 um bom momento para n\u00f3s, \u00e9 uma competi\u00e7\u00e3o que falhamos. Sab\u00edamos que \u00edamos ter um jogo dif\u00edcil, at\u00e9 pelas circunst\u00e2ncias, como eu disse, com que estivemos a trabalhar, mas tamb\u00e9m sentimos que jog\u00e1mos abaixo do nosso n\u00edvel e do n\u00edvel que eles\u00a0[benfiquistas] merecem a que joguemos sempre\u00bb, concluiu o treinador de 57 anos. <\/p>\n","protected":false},"excerpt":{"rendered":"O Benfica foi eliminado da Ta\u00e7a de Portugal de basquetebol pelo SC Braga em pleno pavilh\u00e3o da Luz,&hellip;\n","protected":false},"author":2,"featured_media":186124,"comment_status":"","ping_status":"","sticky":false,"template":"","format":"standard","meta":{"footnotes":""},"categories":[87],"tags":[135,32,33,134],"class_list":{"0":"post-186123","1":"post","2":"type-post","3":"status-publish","4":"format-standard","5":"has-post-thumbnail","7":"category-desporto","8":"tag-desporto","9":"tag-portugal","10":"tag-pt","11":"tag-sports"},"share_on_mastodon":{"url":"https:\/\/pubeurope.com\/@pt\/115709427384062892","error":""},"_links":{"self":[{"href":"https:\/\/www.europesays.com\/pt\/wp-json\/wp\/v2\/posts\/186123","targetHints":{"allow":["GET"]}}],"collection":[{"href":"https:\/\/www.europesays.com\/pt\/wp-json\/wp\/v2\/posts"}],"about":[{"href":"https:\/\/www.europesays.com\/pt\/wp-json\/wp\/v2\/types\/post"}],"author":[{"embeddable":true,"href":"https:\/\/www.europesays.com\/pt\/wp-json\/wp\/v2\/users\/2"}],"replies":[{"embeddable":true,"href":"https:\/\/www.europesays.com\/pt\/wp-json\/wp\/v2\/comments?post=186123"}],"version-history":[{"count":0,"href":"https:\/\/www.europesays.com\/pt\/wp-json\/wp\/v2\/posts\/186123\/revisions"}],"wp:featuredmedia":[{"embeddable":true,"href":"https:\/\/www.europesays.com\/pt\/wp-json\/wp\/v2\/media\/186124"}],"wp:attachment":[{"href":"https:\/\/www.europesays.com\/pt\/wp-json\/wp\/v2\/media?parent=186123"}],"wp:term":[{"taxonomy":"category","embeddable":true,"href":"https:\/\/www.europesays.com\/pt\/wp-json\/wp\/v2\/categories?post=186123"},{"taxonomy":"post_tag","embeddable":true,"href":"https:\/\/www.europesays.com\/pt\/wp-json\/wp\/v2\/tags?post=186123"}],"curies":[{"name":"wp","href":"https:\/\/api.w.org\/{rel}","templated":true}]}}