{"id":186125,"date":"2025-12-13T00:28:25","date_gmt":"2025-12-13T00:28:25","guid":{"rendered":"https:\/\/www.europesays.com\/pt\/186125\/"},"modified":"2025-12-13T00:28:25","modified_gmt":"2025-12-13T00:28:25","slug":"secretaria-da-saude-promove-diversas","status":"publish","type":"post","link":"https:\/\/www.europesays.com\/pt\/186125\/","title":{"rendered":"Secretaria da Sa\u00fade promove diversas&#8230;"},"content":{"rendered":"<p>                                            A Prefeitura de Mar\u00edlia, por meio do N\u00facleo da Sa\u00fade do Adulto \u2013 \u00f3rg\u00e3o vinculado \u00e0 Secretaria Municipal da Sa\u00fade, promove neste m\u00eas algumas a\u00e7\u00f5es alusivas ao Dezembro Laranja \u2013 que trata da conscientiza\u00e7\u00e3o sobre a preven\u00e7\u00e3o do c\u00e2ncer de pele.<\/p>\n<p>No dia 15 (segunda-feira) \u00e0s 9 h, na sede administrativa da APAE (Associa\u00e7\u00e3o de Pais e Amigos dos Excepcionais), est\u00e1 agendada uma palestra sobre preven\u00e7\u00e3o do c\u00e2ncer de pele, com a m\u00e9dica geriatra Dinah Bel\u00e9m, que tamb\u00e9m integra o N\u00facleo da Sa\u00fade do Adulto.<\/p>\n<p>Al\u00e9m disso, a Secretaria Municipal da Sa\u00fade programou outras atividades nas unidades de sa\u00fade do munic\u00edpio, como rodas de conversa e trabalhos em grupos; a\u00e7\u00f5es de rastreamento e orienta\u00e7\u00f5es sobre o Dezembro Laranja.<\/p>\n<p>\u201cAs nossas Unidades de Sa\u00fade est\u00e3o totalmente preparadas para oferecer acolhimento e informa\u00e7\u00f5es essenciais para os cuidados na preven\u00e7\u00e3o do c\u00e2ncer de pele. Qualquer d\u00favida, pedimos que a popula\u00e7\u00e3o procure os nossos profissionais\u201d, ressalta a m\u00e9dica e secret\u00e1ria municipal da Sa\u00fade, Paloma Libanio.<\/p>\n<p>Segundo a Sociedade Brasileira de Dermatologia (SBD), a campanha Dezembro Laranja busca chamar a aten\u00e7\u00e3o para a import\u00e2ncia do autocuidado e da realiza\u00e7\u00e3o do check-up anual com o dermatologista, medidas essenciais para a preven\u00e7\u00e3o e o diagn\u00f3stico precoce do c\u00e2ncer de pele, doen\u00e7a que representa cerca de 33% de todos os casos de c\u00e2ncer no Brasil (dados do Minist\u00e9rio da Sa\u00fade).<\/p>\n<p>De acordo com a SBD, os cuidados v\u00e3o muito al\u00e9m do uso de filtro solar. \u00c9 preciso ter aten\u00e7\u00e3o aos hor\u00e1rios corretos para se expor ao sol, evitando ampla exposi\u00e7\u00e3o no intervalo entre 10 h e 16 h, al\u00e9m do uso de roupas e acess\u00f3rios adequados\u00a0 (chap\u00e9u, bon\u00e9, \u00f3culos, roupas com prote\u00e7\u00e3o ultravioleta, guarda-sol e sombrinha).<\/p>\n<p>Mais informa\u00e7\u00f5es sobre a campanha Dezembro Laranja podem ser obtidas com o N\u00facleo da Sa\u00fade do Adulto pelo telefone (14) 3402-6500.<\/p>\n<p>Fotos: Divulga\u00e7\u00e3o                                        <\/p>\n","protected":false},"excerpt":{"rendered":"A Prefeitura de Mar\u00edlia, por meio do N\u00facleo da Sa\u00fade do Adulto \u2013 \u00f3rg\u00e3o vinculado \u00e0 Secretaria Municipal&hellip;\n","protected":false},"author":2,"featured_media":186126,"comment_status":"","ping_status":"","sticky":false,"template":"","format":"standard","meta":{"footnotes":""},"categories":[86],"tags":[116,32,33,117],"class_list":{"0":"post-186125","1":"post","2":"type-post","3":"status-publish","4":"format-standard","5":"has-post-thumbnail","7":"category-saude","8":"tag-health","9":"tag-portugal","10":"tag-pt","11":"tag-saude"},"share_on_mastodon":{"url":"https:\/\/pubeurope.com\/@pt\/115709431399607565","error":""},"_links":{"self":[{"href":"https:\/\/www.europesays.com\/pt\/wp-json\/wp\/v2\/posts\/186125","targetHints":{"allow":["GET"]}}],"collection":[{"href":"https:\/\/www.europesays.com\/pt\/wp-json\/wp\/v2\/posts"}],"about":[{"href":"https:\/\/www.europesays.com\/pt\/wp-json\/wp\/v2\/types\/post"}],"author":[{"embeddable":true,"href":"https:\/\/www.europesays.com\/pt\/wp-json\/wp\/v2\/users\/2"}],"replies":[{"embeddable":true,"href":"https:\/\/www.europesays.com\/pt\/wp-json\/wp\/v2\/comments?post=186125"}],"version-history":[{"count":0,"href":"https:\/\/www.europesays.com\/pt\/wp-json\/wp\/v2\/posts\/186125\/revisions"}],"wp:featuredmedia":[{"embeddable":true,"href":"https:\/\/www.europesays.com\/pt\/wp-json\/wp\/v2\/media\/186126"}],"wp:attachment":[{"href":"https:\/\/www.europesays.com\/pt\/wp-json\/wp\/v2\/media?parent=186125"}],"wp:term":[{"taxonomy":"category","embeddable":true,"href":"https:\/\/www.europesays.com\/pt\/wp-json\/wp\/v2\/categories?post=186125"},{"taxonomy":"post_tag","embeddable":true,"href":"https:\/\/www.europesays.com\/pt\/wp-json\/wp\/v2\/tags?post=186125"}],"curies":[{"name":"wp","href":"https:\/\/api.w.org\/{rel}","templated":true}]}}