{"id":186139,"date":"2025-12-13T00:43:07","date_gmt":"2025-12-13T00:43:07","guid":{"rendered":"https:\/\/www.europesays.com\/pt\/186139\/"},"modified":"2025-12-13T00:43:07","modified_gmt":"2025-12-13T00:43:07","slug":"o-recorde-de-tabagismo-entre-as-adolescentes-no-brasil-nexo-jornal","status":"publish","type":"post","link":"https:\/\/www.europesays.com\/pt\/186139\/","title":{"rendered":"O recorde de tabagismo entre as adolescentes no Brasil &#8211; Nexo Jornal"},"content":{"rendered":"<ol>\n<li><a href=\"https:\/\/news.google.com\/rss\/articles\/CBMiqwFBVV95cUxPVVM0OGk3R3dZMjZEYXVzYVVjR2F2TWhHRFMxaDFHOWJXa1NncVAyUUVmMVRLRE4tamhzTFZjNWlFTGo5SU1NX2JsSlF4dkI0RG1mTnNUU0sxQTdyYjZsNnpxOEhCYjUyYV80RFRaV1E4WjkwR3lRdzdjQVp1Q3FnVkw3Mi1fQ1FnLXIzQlJIN2FJRTRTcVc4UG1lSlpuWVY5Mmx3ekQyUlRMX0U?oc=5\" target=\"_blank\" rel=\"nofollow noopener\">O recorde de tabagismo entre as adolescentes no Brasil<\/a>&nbsp;&nbsp;Nexo Jornal<\/li>\n<li><a href=\"https:\/\/news.google.com\/rss\/articles\/CBMi9AFBVV95cUxPUFlpQWMwNTRGZGk0RVExRFBCRDRfcXFObERoTkc3dWJfYmxvamcxTlhTQ2k0dEtPYWJ2THJZUHpCVHc5UldvTXJENHgxek9pMU5IaVA4WjFUcEQ3Q0JLR2VZcUZHRVZ2QkJzQ2RkV0xHdlY5VVJIVmNvLU8tbUxYRXg1a3JzeXdNZ09sSmxBUF9pcThiM2t1YmhEOTF1NDQ3Q0VNbmYyeUh3NkQwYVkweU5EaXVWWTBEdmttVkRDbk1zelg1UlJHYnFabU9KVlF5cHVwYW96cURBcnExLUJrTTZSVTR6dXdSdGFkX1Y5Nno1YlE20gGDAkFVX3lxTFBYUWt6TndxY2xqSDd2U0JHbnlDdFA1ZWZEVjgyaXFwTHNBQ2JsVlI0c0h2VWhLTTBISGFuRktoeUVaVTVEeDQ3WjBydnh4ZHRxdXdvYUE2bXBiUGVFRFoweDk5azkwVG00TVA4eDVlLTZhcFZnVTY0a2JkQzBNa3ZHUWUxTmFtd1FxOC01SWI3R3Bwb015NUtFclV6bFMyZ3JRYkltTjRTSmtYSWRlQS1JWTRpVnB5WHN0QklKbWlZeUg1OGJ6YTB4SjA2Yi1EMHJiWEQ1MnEwdWxOSkNpMDR6UGF2SHlKOGJISUpVemRCXzl5OEI3U3FvaE1DTmx3RGtvTjA?oc=5\" target=\"_blank\" rel=\"nofollow noopener\">N\u00famero de fumantes volta a crescer no Brasil e avan\u00e7o dos vapes preocupa especialistas<\/a>&nbsp;&nbsp;O Globo<\/li>\n<li><a href=\"https:\/\/news.google.com\/rss\/articles\/CBMirwFBVV95cUxQbzBPV3dWN0dZQTVIR1ZudzhZeVd3bEJpX19YY1BiYy1ON1NOMExSbk9QbDNDV2p5bGwxZE95NXZuejBTRFMzS2VQZlZxNjZFYllkbDFCT3dHWnZBUF9zandreExqS05kTk1qR0dXaE1ScXpqWmhxZGx2NHJzRWZqWnVTXzRtbUhGS29saWh3dGtzMlYySnZ0YW1aRG5pRnhxbDRxdGVFaHNUbXRYSVNv?oc=5\" target=\"_blank\" rel=\"nofollow noopener\">Boca seca, manchas e perda dent\u00e1ria crescem entre usu\u00e1rios de cigarros eletr\u00f4nicos<\/a>&nbsp;&nbsp;\u00c2ncora 1<\/li>\n<li><a href=\"https:\/\/news.google.com\/rss\/articles\/CBMi1gFBVV95cUxNckhFVlBiQ2VGM0ZrLXd0YWhWUkpiV1lXbTY3QXkycWhZeUM1QkZoZlVQYndRdUtaMDljWTV1RnphSjdWTXR0ZGVXNVZpc2tyb1MyWXN4enlVVUxsMWpMNFhuYnFHYXJBaW1jTklqTVJaMUFhMVdYbzJvdFVzVHZLa01OWmV1SXdwUkg3bFV3V2thcnVDZG9iYTdMaEM1ZTRPOVlMZlZRNm5CUU9ScmZ5OFRKWmtsQnJzVXZWWnlTMlkzR3Axb2FleVhSZ1dPTEN6bDJaV2F3?oc=5\" target=\"_blank\" rel=\"nofollow noopener\">Tabagismo volta a crescer no Brasil: saiba como esse h\u00e1bito afeta sua sa\u00fade (e a de quem est\u00e1 ao seu redor)<\/a>&nbsp;&nbsp;URB News<\/li>\n<\/ol>\n","protected":false},"excerpt":{"rendered":"O recorde de tabagismo entre as adolescentes no Brasil&nbsp;&nbsp;Nexo Jornal N\u00famero de fumantes volta a crescer no Brasil&hellip;\n","protected":false},"author":2,"featured_media":186140,"comment_status":"","ping_status":"","sticky":false,"template":"","format":"standard","meta":{"footnotes":""},"categories":[86],"tags":[116,32,33,117],"class_list":{"0":"post-186139","1":"post","2":"type-post","3":"status-publish","4":"format-standard","5":"has-post-thumbnail","7":"category-saude","8":"tag-health","9":"tag-portugal","10":"tag-pt","11":"tag-saude"},"share_on_mastodon":{"url":"https:\/\/pubeurope.com\/@pt\/115709490275080649","error":""},"_links":{"self":[{"href":"https:\/\/www.europesays.com\/pt\/wp-json\/wp\/v2\/posts\/186139","targetHints":{"allow":["GET"]}}],"collection":[{"href":"https:\/\/www.europesays.com\/pt\/wp-json\/wp\/v2\/posts"}],"about":[{"href":"https:\/\/www.europesays.com\/pt\/wp-json\/wp\/v2\/types\/post"}],"author":[{"embeddable":true,"href":"https:\/\/www.europesays.com\/pt\/wp-json\/wp\/v2\/users\/2"}],"replies":[{"embeddable":true,"href":"https:\/\/www.europesays.com\/pt\/wp-json\/wp\/v2\/comments?post=186139"}],"version-history":[{"count":0,"href":"https:\/\/www.europesays.com\/pt\/wp-json\/wp\/v2\/posts\/186139\/revisions"}],"wp:featuredmedia":[{"embeddable":true,"href":"https:\/\/www.europesays.com\/pt\/wp-json\/wp\/v2\/media\/186140"}],"wp:attachment":[{"href":"https:\/\/www.europesays.com\/pt\/wp-json\/wp\/v2\/media?parent=186139"}],"wp:term":[{"taxonomy":"category","embeddable":true,"href":"https:\/\/www.europesays.com\/pt\/wp-json\/wp\/v2\/categories?post=186139"},{"taxonomy":"post_tag","embeddable":true,"href":"https:\/\/www.europesays.com\/pt\/wp-json\/wp\/v2\/tags?post=186139"}],"curies":[{"name":"wp","href":"https:\/\/api.w.org\/{rel}","templated":true}]}}