{"id":186143,"date":"2025-12-13T00:47:12","date_gmt":"2025-12-13T00:47:12","guid":{"rendered":"https:\/\/www.europesays.com\/pt\/186143\/"},"modified":"2025-12-13T00:47:12","modified_gmt":"2025-12-13T00:47:12","slug":"rapaz-de-15-anos-mata-mae-e-irmas-mais-novas-da-ex-namorada-nos-eua","status":"publish","type":"post","link":"https:\/\/www.europesays.com\/pt\/186143\/","title":{"rendered":"Rapaz de 15 anos mata m\u00e3e e irm\u00e3s mais novas da ex-namorada nos EUA"},"content":{"rendered":"<p>Um rapaz de 15 anos foi acusado pela morte da m\u00e3e e de duas irm\u00e3s da sua ex-namorada. A pol\u00edcia define o crime como um &#8220;ato de viol\u00eancia cobarde&#8221;.<\/p>\n<p>Jennifer Rodriguez, de\u00a0 39 anos, foi encontrada morta no seu apartamento em Odessa, Texas, juntamente com os corpos das suas filhas de 13 e 9 anos, na tarde de ter\u00e7a-feira, refere o NY Post.<\/p>\n<p>As autoridades foram chamadas para um alegado tiroteio, pelas 17h45 num complexo de apartamento de luxo. O cen\u00e1rio, segundo definiram as autoridades, era o de um massacre.\u00a0<\/p>\n<p>O suspeito, cuja identidade n\u00e3o \u00e9 revelada por ser menor de idade, ter\u00e1 planeado ir \u00e0 porta da escola para matar a sua ex-namorada. Contudo, acabou por mudar de ideias e decidiu deslocar-se at\u00e9 \u00e0 casa da jovem.<\/p>\n<p>A principal visada da ira do suspeito, contudo, acabou por sair ilesa do crime.\u00a0<\/p>\n<p>&#8220;Est\u00e1 bem. N\u00e3o ficou ferida&#8230;Estou certo que ap\u00f3s tudo o que aconteceu \u00e0 sua fam\u00edlia que n\u00e3o estar\u00e1 bem, mas fisicamente saiu ilesa&#8221;, disse o chefe da pol\u00edcia de Odessa.<\/p>\n<p>O jovem, que se tornou imediatamente no principal suspeito da pol\u00edcia, foi detido 40 minutos depois. Foi acusado de homic\u00eddio qualificado de v\u00e1rias pessoas, um crime capital, e est\u00e1 detido no Centro Juvenil do Condado de Ector.<\/p>\n<p>As autoridades n\u00e3o divulgaram o motivo dos assassinatos.<\/p>\n<p>Leia Tamb\u00e9m: <a href=\"https:\/\/www.noticiasaominuto.com\/pais\/2903120\/portugal-regista-subida-de-infecoes-respiratorias-e-excesso-de-mortalidade-no-norte\" target=\"_blank\" rel=\"noopener noreferrer nofollow\">Portugal regista subida de infe\u00e7\u00f5es respirat\u00f3rias e excesso de mortalidade no Norte<\/a><\/p>\n","protected":false},"excerpt":{"rendered":"Um rapaz de 15 anos foi acusado pela morte da m\u00e3e e de duas irm\u00e3s da sua ex-namorada.&hellip;\n","protected":false},"author":2,"featured_media":186144,"comment_status":"","ping_status":"","sticky":false,"template":"","format":"standard","meta":{"footnotes":""},"categories":[50],"tags":[27,28,15,16,14,25,26,21,22,62,12,13,19,20,23,24,17,18,29,30,31,63,64,65],"class_list":{"0":"post-186143","1":"post","2":"type-post","3":"status-publish","4":"format-standard","5":"has-post-thumbnail","7":"category-mundo","8":"tag-breaking-news","9":"tag-breakingnews","10":"tag-featured-news","11":"tag-featurednews","12":"tag-headlines","13":"tag-latest-news","14":"tag-latestnews","15":"tag-main-news","16":"tag-mainnews","17":"tag-mundo","18":"tag-news","19":"tag-noticias","20":"tag-noticias-principais","21":"tag-noticiasprincipais","22":"tag-principais-noticias","23":"tag-principaisnoticias","24":"tag-top-stories","25":"tag-topstories","26":"tag-ultimas","27":"tag-ultimas-noticias","28":"tag-ultimasnoticias","29":"tag-world","30":"tag-world-news","31":"tag-worldnews"},"share_on_mastodon":{"url":"https:\/\/pubeurope.com\/@pt\/115709505832222764","error":""},"_links":{"self":[{"href":"https:\/\/www.europesays.com\/pt\/wp-json\/wp\/v2\/posts\/186143","targetHints":{"allow":["GET"]}}],"collection":[{"href":"https:\/\/www.europesays.com\/pt\/wp-json\/wp\/v2\/posts"}],"about":[{"href":"https:\/\/www.europesays.com\/pt\/wp-json\/wp\/v2\/types\/post"}],"author":[{"embeddable":true,"href":"https:\/\/www.europesays.com\/pt\/wp-json\/wp\/v2\/users\/2"}],"replies":[{"embeddable":true,"href":"https:\/\/www.europesays.com\/pt\/wp-json\/wp\/v2\/comments?post=186143"}],"version-history":[{"count":0,"href":"https:\/\/www.europesays.com\/pt\/wp-json\/wp\/v2\/posts\/186143\/revisions"}],"wp:featuredmedia":[{"embeddable":true,"href":"https:\/\/www.europesays.com\/pt\/wp-json\/wp\/v2\/media\/186144"}],"wp:attachment":[{"href":"https:\/\/www.europesays.com\/pt\/wp-json\/wp\/v2\/media?parent=186143"}],"wp:term":[{"taxonomy":"category","embeddable":true,"href":"https:\/\/www.europesays.com\/pt\/wp-json\/wp\/v2\/categories?post=186143"},{"taxonomy":"post_tag","embeddable":true,"href":"https:\/\/www.europesays.com\/pt\/wp-json\/wp\/v2\/tags?post=186143"}],"curies":[{"name":"wp","href":"https:\/\/api.w.org\/{rel}","templated":true}]}}