{"id":186174,"date":"2025-12-13T01:24:07","date_gmt":"2025-12-13T01:24:07","guid":{"rendered":"https:\/\/www.europesays.com\/pt\/186174\/"},"modified":"2025-12-13T01:24:07","modified_gmt":"2025-12-13T01:24:07","slug":"tentaculo-aparecera-em-homem-aranha-um-novo-dia-diz-rumor","status":"publish","type":"post","link":"https:\/\/www.europesays.com\/pt\/186174\/","title":{"rendered":"Tent\u00e1culo aparecer\u00e1 em Homem-Aranha: Um Novo Dia, diz rumor"},"content":{"rendered":"<p class=\"wp-block-yoast-seo-estimated-reading-time yoast-reading-time__wrapper\">Estimated reading time: 2 minutos<\/p>\n<p>De acordo com <strong>Daniel Ritchman<\/strong>, a <strong>Marvel Studios<\/strong> planeja introduzir a organiza\u00e7\u00e3o criminosa m\u00edstica conhecida como Tent\u00e1culo em <a href=\"https:\/\/ovicio.com.br\/tag\/homem-aranha-um-novo-dia\/\" target=\"_blank\" rel=\"noreferrer noopener nofollow\">Homem-Aranha: Um Novo Dia<\/a>.<\/p>\n<p>Supostamente, os ninjas aparecer\u00e3o com <strong>visuais fieis aos quadrinhos<\/strong>, incluindo vestimentas <strong>completamente vermelhas<\/strong>.<\/p>\n<p>Origin\u00e1ria do Jap\u00e3o, traz uma mistura de artes marciais, assassinatos, magia negra e culto \u00e0 imortalidade. Atua nas sombras h\u00e1 s\u00e9culos, manipulando eventos globais para ampliar seu poder.<\/p>\n<p>O grupo \u00e9 conhecido pela obedi\u00eancia fan\u00e1tica dos participantes e rituais sobrenaturais capazes at\u00e9 mesmo de ressuscitar mortos.<\/p>\n<p>\u00c9 importante notar que s\u00e3o considerados os principais inimigos do Demolidor.<\/p>\n<p>Ou seja, esse filme realmente pode trazer alguma conex\u00e3o com a s\u00e9rie do Homem sem Medo, ou at\u00e9 mesmo uma participa\u00e7\u00e3o especial do pr\u00f3prio.<\/p>\n<p>Mas, a organiza\u00e7\u00e3o tamb\u00e9m tem uma hist\u00f3ria importante com Justiceiro (<strong>Jon Bernthal<\/strong>), com presen\u00e7a confirmada na trama.<\/p>\n<p>Por enquanto, continue tratando apenas como rumor.<\/p>\n<p>Leia mais sobre Homem-Aranha:<\/p>\n<p>O t\u00edtulo \u00e9 uma refer\u00eancia direta ao arco dos quadrinhos publicado em 2008, que seguiu a controversa hist\u00f3ria\u00a0<strong>Um Dia a Mais<\/strong>, na qual o casamento de Peter Parker com Mary Jane Watson foi apagado da exist\u00eancia por Mefisto.<\/p>\n<p>A estreia est\u00e1 marcada para\u00a0<strong>31 de julho de 2026<\/strong>.<\/p>\n<p><strong>Fonte<\/strong>: <a href=\"https:\/\/x.com\/DanielRPK\/status\/1999621573305864572\" target=\"_blank\" rel=\"noreferrer noopener nofollow\">Daniel Ritchman<\/a><\/p>\n","protected":false},"excerpt":{"rendered":"Estimated reading time: 2 minutos De acordo com Daniel Ritchman, a Marvel Studios planeja introduzir a organiza\u00e7\u00e3o criminosa&hellip;\n","protected":false},"author":2,"featured_media":186175,"comment_status":"","ping_status":"","sticky":false,"template":"","format":"standard","meta":{"footnotes":""},"categories":[140],"tags":[114,115,147,148,5814,10305,792,12733,146,32,33],"class_list":{"0":"post-186174","1":"post","2":"type-post","3":"status-publish","4":"format-standard","5":"has-post-thumbnail","7":"category-filmes","8":"tag-entertainment","9":"tag-entretenimento","10":"tag-film","11":"tag-filmes","12":"tag-homem-aranha","13":"tag-homem-aranha-um-novo-dia","14":"tag-marvel","15":"tag-marvel-studios","16":"tag-movies","17":"tag-portugal","18":"tag-pt"},"share_on_mastodon":{"url":"https:\/\/pubeurope.com\/@pt\/115709651743039958","error":""},"_links":{"self":[{"href":"https:\/\/www.europesays.com\/pt\/wp-json\/wp\/v2\/posts\/186174","targetHints":{"allow":["GET"]}}],"collection":[{"href":"https:\/\/www.europesays.com\/pt\/wp-json\/wp\/v2\/posts"}],"about":[{"href":"https:\/\/www.europesays.com\/pt\/wp-json\/wp\/v2\/types\/post"}],"author":[{"embeddable":true,"href":"https:\/\/www.europesays.com\/pt\/wp-json\/wp\/v2\/users\/2"}],"replies":[{"embeddable":true,"href":"https:\/\/www.europesays.com\/pt\/wp-json\/wp\/v2\/comments?post=186174"}],"version-history":[{"count":0,"href":"https:\/\/www.europesays.com\/pt\/wp-json\/wp\/v2\/posts\/186174\/revisions"}],"wp:featuredmedia":[{"embeddable":true,"href":"https:\/\/www.europesays.com\/pt\/wp-json\/wp\/v2\/media\/186175"}],"wp:attachment":[{"href":"https:\/\/www.europesays.com\/pt\/wp-json\/wp\/v2\/media?parent=186174"}],"wp:term":[{"taxonomy":"category","embeddable":true,"href":"https:\/\/www.europesays.com\/pt\/wp-json\/wp\/v2\/categories?post=186174"},{"taxonomy":"post_tag","embeddable":true,"href":"https:\/\/www.europesays.com\/pt\/wp-json\/wp\/v2\/tags?post=186174"}],"curies":[{"name":"wp","href":"https:\/\/api.w.org\/{rel}","templated":true}]}}