{"id":186180,"date":"2025-12-13T01:33:11","date_gmt":"2025-12-13T01:33:11","guid":{"rendered":"https:\/\/www.europesays.com\/pt\/186180\/"},"modified":"2025-12-13T01:33:11","modified_gmt":"2025-12-13T01:33:11","slug":"mae-de-ana-castela-exibe-novo-carrao-avaliado-em-mais-de-r-1-milhao-r7-entretenimento","status":"publish","type":"post","link":"https:\/\/www.europesays.com\/pt\/186180\/","title":{"rendered":"M\u00e3e de Ana Castela exibe novo carr\u00e3o avaliado em mais de R$ 1 milh\u00e3o \u2013 R7 Entretenimento"},"content":{"rendered":"<p>LEIA AQUI O RESUMO DA NOT\u00cdCIA<\/p>\n<ul class=\"b-article-body-custom-embed-brief-news__list\" style=\"margin: 0; padding-left: 20px; list-style-type: disc;\">\n<li>Michele Castela, m\u00e3e de Ana Castela, revelou seu novo carro, uma BMW X6 avaliada em mais de R$ 1 milh\u00e3o.<\/li>\n<li>A conquista foi compartilhada em um v\u00eddeo nas redes sociais, com o ve\u00edculo decorado por um la\u00e7o verde.<\/li>\n<li>Os f\u00e3s parabenizaram Michele nos coment\u00e1rios, elogiando o novo autom\u00f3vel.<\/li>\n<li>Ana Castela est\u00e1 vivendo um bom momento na carreira e na vida pessoal, com o recente lan\u00e7amento de um clipe com seu namorado, Z\u00e9 Felipe.<\/li>\n<\/ul>\n<p style=\"font-size: 0.8em; font-style: italic; text-align: right; margin-top: 15px; padding-bottom: 5px; margin-bottom: 0;\">Produzido pela Ri7a &#8211; a Intelig\u00eancia Artificial do R7<\/p>\n<p><img decoding=\"async\" data-chromatic=\"ignore\" alt=\"\" class=\"c-image\" loading=\"lazy\" src=\"https:\/\/www.europesays.com\/pt\/wp-content\/uploads\/2025\/12\/KSOPFMRAIVCNBCS7HIUMVI3B3A.jpg\"  width=\"1920\" height=\"1080\"\/>Michele Castela, m\u00e3e de Ana Castela, comprou um carr\u00e3o Reprodu\u00e7\u00e3o\/Instagram\/@michelecastela <\/p>\n<p class=\"jarvics:base-text-neutral-high-400 base-text-[calc(theme(fontSize.xs)_*_var(--font-size,_1))] base-font-normal base-font-primary base-text-neutral-low-500 base-text-left\">A m\u00e3e de <a href=\"https:\/\/www.r7.com\/tudo-sobre\/ana-castela\/\" target=\"_self\" rel=\"nofollow noopener\" title=\"https:\/\/www.r7.com\/tudo-sobre\/ana-castela\/\">Ana Castela<\/a>, Michele Castela, compartilhou com os seguidores sua nova conquista nesta sexta-feira (12). A empres\u00e1ria exibiu seu novo carr\u00e3o, uma BMW X6, que pode custar mais de R$ 1 milh\u00e3o.<\/p>\n<p class=\"jarvics:base-text-neutral-high-400 base-text-[calc(theme(fontSize.xs)_*_var(--font-size,_1))] base-font-normal base-font-primary base-text-neutral-low-500 base-text-left\">Em um v\u00eddeo publicado em uma rede social, Michele exibe o autom\u00f3vel, decorado com um enorme la\u00e7o verde. \u201cHoje foi o dia de realizar o sonho dessa cliente mais que especial\u201c, escreveu o dono da concession\u00e1ria.<\/p>\n<p class=\"jarvics:base-text-neutral-high-400 base-text-[calc(theme(fontSize.xs)_*_var(--font-size,_1))] base-font-normal base-font-primary base-text-neutral-low-500 base-text-left\">Nos coment\u00e1rios, os f\u00e3s de Ana parabenizaram a m\u00e3e da cantora. \u201cQue m\u00e1quina!\u201d, disse um. \u201cParab\u00e9ns, madame\u201d, brincaram outros. \u201cPresent\u00e3o, hein?\u201d, afirmou mais um.<\/p>\n<p class=\"jarvics:base-text-neutral-high-400 base-text-[calc(theme(fontSize.xs)_*_var(--font-size,_1))] base-font-normal base-font-primary base-text-neutral-low-500 base-text-left\">Ana vive uma \u00f3tima fase, tanto na carreira, quanto na vida pessoal. Nesta quinta (11), ela e o namorado, <a href=\"https:\/\/www.r7.com\/tudo-sobre\/ze-felipe\/\" target=\"_self\" rel=\"nofollow noopener\" title=\"https:\/\/www.r7.com\/tudo-sobre\/ze-felipe\/\">Z\u00e9 Felipe<\/a>, lan\u00e7aram o clipe da m\u00fasica<b> <\/b>Eu S\u00f3 Quero Voc\u00ea.<\/p>\n<p><video controls=\"\" class=\"video-js\" preload=\"metadata\" poster=\"https:\/\/d22yf0mxeu0gma.cloudfront.net\/12-11-2025\/t_70d260f0d5ec48168f29cb2c5dff0b34_name_Ana_Castela__1_.jpg\" title=\"Ana Castela nega briga com Z\u00e9 Felipe e diz que est\u00e1 com conjuntivite\" data-sprite-url=\"\" data-metadata=\"{&quot;title&quot;:&quot;Ana Castela nega briga com Z\u00e9 Felipe e diz que est\u00e1 com conjuntivite&quot;,&quot;sectionName&quot;:&quot;R7&quot;,&quot;mainSection&quot;:&quot;Famosos e TV&quot;,&quot;subSection&quot;:&quot;&quot;,&quot;views&quot;:&quot;&quot;,&quot;disableAdv&quot;:&quot;false&quot;,&quot;createdDate&quot;:&quot;2025-12-11T19:04:55Z&quot;,&quot;mainSectionUrl&quot;:&quot;https:\/\/entretenimento.r7.com\/prisma\/fabiola-reipert\/video\/ana-castela-nega-briga-com-ze-felipe-e-diz-que-esta-com-conjuntivite-11122025\/&quot;,&quot;sectionPath&quot;:&quot;https:\/\/entretenimento.r7.com\/prisma\/fabiola-reipert&quot;,&quot;ageRating&quot;:&quot;&quot;,&quot;ageRatingDescription&quot;:&quot;&quot;,&quot;duration&quot;:67648,&quot;playerUrl&quot;:&quot;https:\/\/entretenimento.r7.com\/player\/ddede858-b181-4f09-8dcf-ac9c3972b484\/&quot;}\" data-player-params=\"{&quot;p&quot;:&quot;true&quot;,&quot;autoPlay&quot;:&quot;false&quot;,&quot;logo&quot;:&quot;true&quot;,&quot;playlistId&quot;:&quot;false&quot;,&quot;calhau&quot;:&quot;false&quot;,&quot;share&quot;:&quot;true&quot;,&quot;sz&quot;:&quot;false&quot;,&quot;full&quot;:&quot;true&quot;,&quot;customAdHash&quot;:&quot;\/7542\/R7entretenimento\/famosostv&quot;,&quot;referrerUrl&quot;:&quot;&quot;,&quot;externalLinks&quot;:&quot;true&quot;,&quot;debug&quot;:&quot;false&quot;,&quot;debugHash&quot;:&quot;false&quot;,&quot;debugRelated&quot;:&quot;false&quot;,&quot;timerRelated&quot;:&quot;true&quot;,&quot;logoRecord&quot;:&quot;false&quot;,&quot;contextModal&quot;:&quot;false&quot;,&quot;parentUrl&quot;:&quot;https:\/\/record.r7.com\/&quot;,&quot;t&quot;:&quot;0&quot;,&quot;noTitle&quot;:false,&quot;endBehavior&quot;:&quot;default&quot;}\" data-related-videos=\"[{&quot;title&quot;:&quot;Eduardo Costa revela m\u00e1goa de amigo ap\u00f3s mal-entendido&quot;,&quot;thumb&quot;:&quot;https:\/\/d22yf0mxeu0gma.cloudfront.net\/12-12-2025\/t_5e1281f7e3944280b0755abd28ab0078_name_Eduardo_Costa.jpg&quot;,&quot;url&quot;:&quot;https:\/\/entretenimento.r7.com\/prisma\/fabiola-reipert\/video\/eduardo-costa-revela-magoa-de-amigo-apos-mal-entendido-12122025\/&quot;,&quot;embedUrl&quot;:&quot;https:\/\/entretenimento.r7.com\/player\/97e60ab5-710f-4cf9-9c88-0810d1a5c2fc\/&quot;},{&quot;title&quot;:&quot;Leo, da dupla com Victor, revela que sofreu com s\u00edndrome do p\u00e2nico no auge da fama&quot;,&quot;thumb&quot;:&quot;https:\/\/d22yf0mxeu0gma.cloudfront.net\/12-12-2025\/t_7d8ed0aa12194c9f91f19281aa0e3cd7_name_L_o_Chaves.jpg&quot;,&quot;url&quot;:&quot;https:\/\/entretenimento.r7.com\/prisma\/fabiola-reipert\/video\/leo-da-dupla-com-victor-revela-que-sofreu-com-sindrome-do-panico-no-auge-da-fama-12122025\/&quot;,&quot;embedUrl&quot;:&quot;https:\/\/entretenimento.r7.com\/player\/3e453877-9947-45f5-8321-624055a1d068\/&quot;},{&quot;title&quot;:&quot;Alceu Valen\u00e7a cancela show em Santos (SP) ap\u00f3s diagn\u00f3stico de diverticulite&quot;,&quot;thumb&quot;:&quot;https:\/\/d22yf0mxeu0gma.cloudfront.net\/12-12-2025\/t_ca827168285641bc98440e86eea47a78_name_Alceu_Valen_a.jpg&quot;,&quot;url&quot;:&quot;https:\/\/entretenimento.r7.com\/prisma\/fabiola-reipert\/video\/alceu-valenca-cancela-show-em-santos-sp-apos-diagnostico-de-diverticulite-12122025\/&quot;,&quot;embedUrl&quot;:&quot;https:\/\/entretenimento.r7.com\/player\/135ddeb0-8bd3-48a3-b299-cffef9c32c1d\/&quot;}]\" data-player-url=\"https:\/\/entretenimento.r7.com\/player\/ddede858-b181-4f09-8dcf-ac9c3972b484\/\" data-arc-video=\"\" data-arc-id=\"ddede858-b181-4f09-8dcf-ac9c3972b484\" data-short=\"false\" style=\"visibility:hidden\"><\/video><\/p>\n<p class=\"jarvics:base-text-neutral-high-400 base-text-[calc(theme(fontSize.xs)_*_var(--font-size,_1))] base-font-normal base-font-primary base-text-neutral-low-500 base-text-left\"><b>Para saber tudo do mundo dos famosos, <\/b><a href=\"https:\/\/whatsapp.com\/channel\/0029Va9UfKcHQbRyCyhPt71R\" rel=\"nofollow noopener\" target=\"_blank\"><b>siga o canal de entretenimento do R7<\/b><\/a><b>, o portal de not\u00edcias da RECORD, no WhatsApp<\/b><\/p>\n","protected":false},"excerpt":{"rendered":"LEIA AQUI O RESUMO DA NOT\u00cdCIA Michele Castela, m\u00e3e de Ana Castela, revelou seu novo carro, uma BMW&hellip;\n","protected":false},"author":2,"featured_media":186181,"comment_status":"","ping_status":"","sticky":false,"template":"","format":"standard","meta":{"footnotes":""},"categories":[145],"tags":[13762,211,210,114,115,980,32,33,151],"class_list":{"0":"post-186180","1":"post","2":"type-post","3":"status-publish","4":"format-standard","5":"has-post-thumbnail","7":"category-celebridades","8":"tag-ana-castela","9":"tag-celebridades","10":"tag-celebrities","11":"tag-entertainment","12":"tag-entretenimento","13":"tag-famosos","14":"tag-portugal","15":"tag-pt","16":"tag-tv"},"share_on_mastodon":{"url":"https:\/\/pubeurope.com\/@pt\/115709687194284382","error":""},"_links":{"self":[{"href":"https:\/\/www.europesays.com\/pt\/wp-json\/wp\/v2\/posts\/186180","targetHints":{"allow":["GET"]}}],"collection":[{"href":"https:\/\/www.europesays.com\/pt\/wp-json\/wp\/v2\/posts"}],"about":[{"href":"https:\/\/www.europesays.com\/pt\/wp-json\/wp\/v2\/types\/post"}],"author":[{"embeddable":true,"href":"https:\/\/www.europesays.com\/pt\/wp-json\/wp\/v2\/users\/2"}],"replies":[{"embeddable":true,"href":"https:\/\/www.europesays.com\/pt\/wp-json\/wp\/v2\/comments?post=186180"}],"version-history":[{"count":0,"href":"https:\/\/www.europesays.com\/pt\/wp-json\/wp\/v2\/posts\/186180\/revisions"}],"wp:featuredmedia":[{"embeddable":true,"href":"https:\/\/www.europesays.com\/pt\/wp-json\/wp\/v2\/media\/186181"}],"wp:attachment":[{"href":"https:\/\/www.europesays.com\/pt\/wp-json\/wp\/v2\/media?parent=186180"}],"wp:term":[{"taxonomy":"category","embeddable":true,"href":"https:\/\/www.europesays.com\/pt\/wp-json\/wp\/v2\/categories?post=186180"},{"taxonomy":"post_tag","embeddable":true,"href":"https:\/\/www.europesays.com\/pt\/wp-json\/wp\/v2\/tags?post=186180"}],"curies":[{"name":"wp","href":"https:\/\/api.w.org\/{rel}","templated":true}]}}