{"id":186182,"date":"2025-12-13T01:34:21","date_gmt":"2025-12-13T01:34:21","guid":{"rendered":"https:\/\/www.europesays.com\/pt\/186182\/"},"modified":"2025-12-13T01:34:21","modified_gmt":"2025-12-13T01:34:21","slug":"exposicao-fotografica-nas-areias-da-ponta-verde-defende-a-permanencia-dos-currais-de-pesca","status":"publish","type":"post","link":"https:\/\/www.europesays.com\/pt\/186182\/","title":{"rendered":"Exposi\u00e7\u00e3o fotogr\u00e1fica nas areias da Ponta Verde defende a perman\u00eancia dos currais de pesca"},"content":{"rendered":"\n<p>Reunidos no Coletivo Fragma, dez fot\u00f3grafos\/as alagoanos\/as ou radicados\/as, fazem uma exposi\u00e7\u00e3o fotogr\u00e1fica nas areias da Ponta Verde, pr\u00f3ximo s\u00e1bado, 13, a partir das 8h, como forma de apoio pela perman\u00eancia dos currais e de seus pescadores, hoje sob amea\u00e7a de remo\u00e7\u00e3o e paralisa\u00e7\u00e3o das atividades de pesca artesanal.<\/p>\n<p><img decoding=\"async\" alt=\"\" height=\"600\" loading=\"lazy\" src=\"https:\/\/www.europesays.com\/pt\/wp-content\/uploads\/2025\/12\/exposicao-fotografica-ponta-verde-1.jpeg\" width=\"800\"\/><\/p>\n<p>Os currais da Ponta Verde, ali instalados h\u00e1 mais de 100 anos, atualmente j\u00e1 na terceira gera\u00e7\u00e3o de pescadores, atividade artesanal herdada dos povos originais do Brasil, s\u00e3o parte integrante da paisagem cultural de Macei\u00f3, e ponto de visita\u00e7\u00e3o de turistas que visitam a cidade, e largamente registrados em composi\u00e7\u00f5es fotogr\u00e1ficas ao lado do farol, tamb\u00e9m secular.<\/p>\n<p><img decoding=\"async\" alt=\"\" height=\"600\" loading=\"lazy\" src=\"https:\/\/www.europesays.com\/pt\/wp-content\/uploads\/2025\/12\/exposicao-fotografica-ponta-verde-4.jpeg\" width=\"800\"\/><\/p>\n<p>Segundo Jorge Vieira, coordenador e um dos fot\u00f3grafos da a\u00e7\u00e3o, \u201cn\u00e3o h\u00e1 justificativa razo\u00e1vel para que \u00f3rg\u00e3os p\u00fablicos retirem os currais e afetem irremediavelmente a sobreviv\u00eancia de seus pescadores. Os currais s\u00e3o um patrim\u00f4nio da cultura imag\u00e9tica da cidade, e a pesca ali praticada n\u00e3o prejudica os recursos ambientais da regi\u00e3o, por isso nos unimos aos pescadores em defesa da manuten\u00e7\u00e3o daquela paisagem\u201d.<\/p>\n<p><img decoding=\"async\" alt=\"\" height=\"600\" loading=\"lazy\" src=\"https:\/\/www.europesays.com\/pt\/wp-content\/uploads\/2025\/12\/exposicao-fotografica-ponta-verde-3.jpeg\" width=\"800\"\/><\/p>\n<p>A exposi\u00e7\u00e3o re\u00fane 43 fotografias impressas em tecido, de Arthur Celso, Cid Olival, Deth Nascimento, Fl\u00e1via Gazzaneo, Hebert Teodoro, Itawi Albuquerque, Jacqueline Lima, Jorge Vieira, Rama Costa e Everaldo Sombra, e ser\u00e1 montada em forma de varal, a partir das 8h. Paralelo \u00e0 mostra, o grupo circular\u00e1 um abaixo-assinado pedindo apoio da popula\u00e7\u00e3o.<\/p>\n<p>Servi\u00e7o:<\/p>\n<p>Exposi\u00e7\u00e3o Fotogr\u00e1fica<\/p>\n<p>S\u00e1bado, 13 de dezembro de 2025<\/p>\n<p>A partir das 8h<\/p>\n<p>Areias da praia da Ponta Verde<\/p>\n<p><img decoding=\"async\" alt=\"\" height=\"600\" loading=\"lazy\" src=\"https:\/\/www.europesays.com\/pt\/wp-content\/uploads\/2025\/12\/exposicao-fotgrafica-pv.jpeg\" width=\"800\"\/><\/p>\n","protected":false},"excerpt":{"rendered":"Reunidos no Coletivo Fragma, dez fot\u00f3grafos\/as alagoanos\/as ou radicados\/as, fazem uma exposi\u00e7\u00e3o fotogr\u00e1fica nas areias da Ponta Verde,&hellip;\n","protected":false},"author":2,"featured_media":186183,"comment_status":"","ping_status":"","sticky":false,"template":"","format":"standard","meta":{"footnotes":""},"categories":[144],"tags":[9012,207,205,206,37818,37824,203,201,202,37823,37825,37821,204,37820,114,115,37826,698,37822,15242,37816,37819,37817,9868,21461,37815,32,33,7542],"class_list":{"0":"post-186182","1":"post","2":"type-post","3":"status-publish","4":"format-standard","5":"has-post-thumbnail","7":"category-arte-e-design","8":"tag-alagoas","9":"tag-arte","10":"tag-arte-e-design","11":"tag-artedesign","12":"tag-artesanal","13":"tag-arthur-celso","14":"tag-arts","15":"tag-arts-and-design","16":"tag-artsanddesign","17":"tag-cid-olival","18":"tag-coletivo-fragma","19":"tag-currais","20":"tag-design","21":"tag-deth-nascimento","22":"tag-entertainment","23":"tag-entretenimento","24":"tag-everaldo-sombra","25":"tag-exposicao","26":"tag-flavia-gazzaneo","27":"tag-fotografias","28":"tag-fotografos","29":"tag-itawi-albuquerque","30":"tag-jorge-vieira","31":"tag-pesca","32":"tag-pescadores","33":"tag-ponta-verde","34":"tag-portugal","35":"tag-pt","36":"tag-turistas"},"share_on_mastodon":{"url":"https:\/\/pubeurope.com\/@pt\/115709691115860869","error":""},"_links":{"self":[{"href":"https:\/\/www.europesays.com\/pt\/wp-json\/wp\/v2\/posts\/186182","targetHints":{"allow":["GET"]}}],"collection":[{"href":"https:\/\/www.europesays.com\/pt\/wp-json\/wp\/v2\/posts"}],"about":[{"href":"https:\/\/www.europesays.com\/pt\/wp-json\/wp\/v2\/types\/post"}],"author":[{"embeddable":true,"href":"https:\/\/www.europesays.com\/pt\/wp-json\/wp\/v2\/users\/2"}],"replies":[{"embeddable":true,"href":"https:\/\/www.europesays.com\/pt\/wp-json\/wp\/v2\/comments?post=186182"}],"version-history":[{"count":0,"href":"https:\/\/www.europesays.com\/pt\/wp-json\/wp\/v2\/posts\/186182\/revisions"}],"wp:featuredmedia":[{"embeddable":true,"href":"https:\/\/www.europesays.com\/pt\/wp-json\/wp\/v2\/media\/186183"}],"wp:attachment":[{"href":"https:\/\/www.europesays.com\/pt\/wp-json\/wp\/v2\/media?parent=186182"}],"wp:term":[{"taxonomy":"category","embeddable":true,"href":"https:\/\/www.europesays.com\/pt\/wp-json\/wp\/v2\/categories?post=186182"},{"taxonomy":"post_tag","embeddable":true,"href":"https:\/\/www.europesays.com\/pt\/wp-json\/wp\/v2\/tags?post=186182"}],"curies":[{"name":"wp","href":"https:\/\/api.w.org\/{rel}","templated":true}]}}