{"id":186188,"date":"2025-12-13T01:39:13","date_gmt":"2025-12-13T01:39:13","guid":{"rendered":"https:\/\/www.europesays.com\/pt\/186188\/"},"modified":"2025-12-13T01:39:13","modified_gmt":"2025-12-13T01:39:13","slug":"sporting-vai-receber-reforco-na-defesa-quem-e-romulo-junior","status":"publish","type":"post","link":"https:\/\/www.europesays.com\/pt\/186188\/","title":{"rendered":"Sporting vai receber &#8216;refor\u00e7o&#8217; na defesa: quem \u00e9 R\u00f4mulo J\u00fanior?"},"content":{"rendered":"<p>&#8211; Advertisement &#8211;<\/p>\n<p>O Sporting vai estar algumas semanas sem contar com as op\u00e7\u00f5es normais no centro da defesa, devido \u00e0 les\u00e3o de Zeno Debast e \u00e0 aus\u00eancia de Ousmane Diomande, que vai participar na CAN ao servi\u00e7o da Costado Marfim. Rui Borges <a href=\"https:\/\/bolanarede.pt\/especial-bola-na-rede\/atualidade\/rui-borges-atento-a-2-centrais-do-sporting-b-para-integrarem-o-plantel-principal\/\" target=\"_blank\" rel=\"noreferrer noopener nofollow\">vai promover atletas da equipa B<\/a>, para o desfalque ser menor.<\/p>\n<p>Um deles \u00e9 R\u00f4mulo J\u00fanior, que chegou a Alvalade no come\u00e7o da \u00e9poca, numa fase em que o Santa Clara tamb\u00e9m o queria contratar. O jogador encontra-se emprestado pelo Atl\u00e9tico Mineiro, onde fez toda a sua carreira, e tem 21 anos de idade.<\/p>\n<p>O brasileiro foi visto como uma jovem promessa e chegou mesmo a participar do Sudamerica Sub-15 2019. R\u00f4mulo J\u00fanior vestiu pela primeira vez a camisola de s\u00e9nior do Atl\u00e9tico Mineiro em 2024, chegando a participar de 10 encontros, com um golo marcado. Na \u00e9poca seguinte somou seis jogos, ficando em definitivo na equipa principal.<\/p>\n<p>Pelo Sporting B soma seis jogos, ainda sem golos. O acordo contempla uma op\u00e7\u00e3o de compra. Eis o hist\u00f3rico recente do defesa central:<\/p>\n<ul class=\"wp-block-list\">\n<li>2023: Atl\u00e9tico Mineiro Sub-20- 28 jogos<\/li>\n<li>2024: Atl\u00e9tico Mineiro- 10 jogos e 1 golo | Atl\u00e9tico Mineiro Sub-23- 2 jogos | Atl\u00e9tico Mineiro Sub-20- 10 jogos e 1 golo<\/li>\n<li>2025: Atl\u00e9tico Mineiro-6 jogos<\/li>\n<li>2025\/26: Sporting B- 6 jogos<\/li>\n<\/ul>\n","protected":false},"excerpt":{"rendered":"&#8211; Advertisement &#8211; O Sporting vai estar algumas semanas sem contar com as op\u00e7\u00f5es normais no centro da&hellip;\n","protected":false},"author":2,"featured_media":186189,"comment_status":"","ping_status":"","sticky":false,"template":"","format":"standard","meta":{"footnotes":""},"categories":[87],"tags":[260,135,478,32,479,33,2399,34,134],"class_list":{"0":"post-186188","1":"post","2":"type-post","3":"status-publish","4":"format-standard","5":"has-post-thumbnail","7":"category-desporto","8":"tag-atualidade","9":"tag-desporto","10":"tag-destaques-bnr","11":"tag-portugal","12":"tag-primeira-liga","13":"tag-pt","14":"tag-romulo-junior","15":"tag-sporting","16":"tag-sports"},"share_on_mastodon":{"url":"https:\/\/pubeurope.com\/@pt\/115709710491185430","error":""},"_links":{"self":[{"href":"https:\/\/www.europesays.com\/pt\/wp-json\/wp\/v2\/posts\/186188","targetHints":{"allow":["GET"]}}],"collection":[{"href":"https:\/\/www.europesays.com\/pt\/wp-json\/wp\/v2\/posts"}],"about":[{"href":"https:\/\/www.europesays.com\/pt\/wp-json\/wp\/v2\/types\/post"}],"author":[{"embeddable":true,"href":"https:\/\/www.europesays.com\/pt\/wp-json\/wp\/v2\/users\/2"}],"replies":[{"embeddable":true,"href":"https:\/\/www.europesays.com\/pt\/wp-json\/wp\/v2\/comments?post=186188"}],"version-history":[{"count":0,"href":"https:\/\/www.europesays.com\/pt\/wp-json\/wp\/v2\/posts\/186188\/revisions"}],"wp:featuredmedia":[{"embeddable":true,"href":"https:\/\/www.europesays.com\/pt\/wp-json\/wp\/v2\/media\/186189"}],"wp:attachment":[{"href":"https:\/\/www.europesays.com\/pt\/wp-json\/wp\/v2\/media?parent=186188"}],"wp:term":[{"taxonomy":"category","embeddable":true,"href":"https:\/\/www.europesays.com\/pt\/wp-json\/wp\/v2\/categories?post=186188"},{"taxonomy":"post_tag","embeddable":true,"href":"https:\/\/www.europesays.com\/pt\/wp-json\/wp\/v2\/tags?post=186188"}],"curies":[{"name":"wp","href":"https:\/\/api.w.org\/{rel}","templated":true}]}}