{"id":186190,"date":"2025-12-13T01:40:37","date_gmt":"2025-12-13T01:40:37","guid":{"rendered":"https:\/\/www.europesays.com\/pt\/186190\/"},"modified":"2025-12-13T01:40:37","modified_gmt":"2025-12-13T01:40:37","slug":"servidor-da-saude-mental-de-divinopolis","status":"publish","type":"post","link":"https:\/\/www.europesays.com\/pt\/186190\/","title":{"rendered":"Servidor da sa\u00fade mental de Divin\u00f3polis&#8230;"},"content":{"rendered":"<p>                                            A Prefeitura de Divin\u00f3polis, por meio da Secretaria Municipal de Sa\u00fade (Semusa), parabeniza o oficineiro e profissional da sa\u00fade mental Marcos Diniz Jorge Almeida, servidor que atua na rede municipal, pela conquista do pr\u00eamio na categoria voto popular do 4\u00ba concurso \u201cSa\u00fade Mental em Imagens\u201d, promovido pelo Instituto Cactus, institui\u00e7\u00e3o nacional sem fins lucrativos dedicada \u00e0 promo\u00e7\u00e3o e \u00e0 preven\u00e7\u00e3o em sa\u00fade mental no Brasil.<\/p>\n<p>O resultado do concurso foi divulgado ter\u00e7a-feira (09\/12) e reuniu aproximadamente 121 fotografias inscritas, distribu\u00eddas entre as categorias de voto popular, voto t\u00e9cnico e j\u00fari Cactus. A fotografia vencedora, intitulada \u201cPara Onde Agora V\u00e3o As Palavras?\u201d, destacou-se pela for\u00e7a simb\u00f3lica e pela sensibilidade com que retrata o cuidado em sa\u00fade mental no cotidiano dos servi\u00e7os p\u00fablicos.<\/p>\n<p>A imagem foi registrada no Centro de Aten\u00e7\u00e3o Psicossocial CAPS III, tamb\u00e9m conhecido como Sersam, em Divin\u00f3polis, no momento que antecede uma roda de conversa com os usu\u00e1rios do servi\u00e7o. Com autoriza\u00e7\u00e3o expressa e incentivo da usu\u00e1ria retratada, que n\u00e3o \u00e9 identificada na fotografia, o registro mostra uma mulher sentada, \u00e0 espera do in\u00edcio da atividade, captando um instante de sil\u00eancio, expectativa e envolvimento emocional.<\/p>\n<p>Mais do que um retrato, a fotografia traduz a ess\u00eancia do trabalho desenvolvido no CAPS, espa\u00e7o que se consolida como lugar de escuta, acolhimento e reconstru\u00e7\u00e3o de trajet\u00f3rias marcadas pelo sofrimento ps\u00edquico. Ao longo de sua viv\u00eancia no servi\u00e7o, a usu\u00e1ria representada encontrou no cuidado multidisciplinar e nas oficinas terap\u00eauticas um ambiente de pertencimento, reflex\u00e3o e transforma\u00e7\u00e3o. As rodas de conversa, as produ\u00e7\u00f5es artesanais e as interven\u00e7\u00f5es art\u00edsticas tornam-se, nesse contexto, potentes instrumentos de promo\u00e7\u00e3o do bem-estar, da socializa\u00e7\u00e3o, do acesso \u00e0 cultura e da ressignifica\u00e7\u00e3o da pr\u00f3pria hist\u00f3ria.<\/p>\n<p>O concurso teve como tema \u201cO que voc\u00ea v\u00ea da sua janela\u201d e prop\u00f4s reflex\u00f5es visuais sobre como os ambientes, sejam eles de prote\u00e7\u00e3o ou de vulnerabilidade, influenciam emo\u00e7\u00f5es, rela\u00e7\u00f5es e a sa\u00fade mental das pessoas. As imagens inscritas buscaram dialogar com quest\u00f5es sociais, culturais e com o acesso \u00e0s pol\u00edticas p\u00fablicas, destacando o impacto desses fatores na vida cotidiana.<\/p>\n<p>Marcos Diniz Jorge Almeida atua como oficineiro na rede municipal de sa\u00fade mental e \u00e9 estudante de Psicologia pela Universidade do Estado de Minas Gerais (UEMG). A premia\u00e7\u00e3o reconhece n\u00e3o apenas o talento art\u00edstico do servidor, mas tamb\u00e9m o compromisso \u00e9tico, humano e sens\u00edvel com o cuidado oferecido aos usu\u00e1rios do Sistema \u00danico de Sa\u00fade no munic\u00edpio.                                        <\/p>\n","protected":false},"excerpt":{"rendered":"A Prefeitura de Divin\u00f3polis, por meio da Secretaria Municipal de Sa\u00fade (Semusa), parabeniza o oficineiro e profissional da&hellip;\n","protected":false},"author":2,"featured_media":186191,"comment_status":"","ping_status":"","sticky":false,"template":"","format":"standard","meta":{"footnotes":""},"categories":[86],"tags":[116,32,33,117],"class_list":{"0":"post-186190","1":"post","2":"type-post","3":"status-publish","4":"format-standard","5":"has-post-thumbnail","7":"category-saude","8":"tag-health","9":"tag-portugal","10":"tag-pt","11":"tag-saude"},"share_on_mastodon":{"url":"https:\/\/pubeurope.com\/@pt\/115709714513222479","error":""},"_links":{"self":[{"href":"https:\/\/www.europesays.com\/pt\/wp-json\/wp\/v2\/posts\/186190","targetHints":{"allow":["GET"]}}],"collection":[{"href":"https:\/\/www.europesays.com\/pt\/wp-json\/wp\/v2\/posts"}],"about":[{"href":"https:\/\/www.europesays.com\/pt\/wp-json\/wp\/v2\/types\/post"}],"author":[{"embeddable":true,"href":"https:\/\/www.europesays.com\/pt\/wp-json\/wp\/v2\/users\/2"}],"replies":[{"embeddable":true,"href":"https:\/\/www.europesays.com\/pt\/wp-json\/wp\/v2\/comments?post=186190"}],"version-history":[{"count":0,"href":"https:\/\/www.europesays.com\/pt\/wp-json\/wp\/v2\/posts\/186190\/revisions"}],"wp:featuredmedia":[{"embeddable":true,"href":"https:\/\/www.europesays.com\/pt\/wp-json\/wp\/v2\/media\/186191"}],"wp:attachment":[{"href":"https:\/\/www.europesays.com\/pt\/wp-json\/wp\/v2\/media?parent=186190"}],"wp:term":[{"taxonomy":"category","embeddable":true,"href":"https:\/\/www.europesays.com\/pt\/wp-json\/wp\/v2\/categories?post=186190"},{"taxonomy":"post_tag","embeddable":true,"href":"https:\/\/www.europesays.com\/pt\/wp-json\/wp\/v2\/tags?post=186190"}],"curies":[{"name":"wp","href":"https:\/\/api.w.org\/{rel}","templated":true}]}}