{"id":186194,"date":"2025-12-13T01:45:09","date_gmt":"2025-12-13T01:45:09","guid":{"rendered":"https:\/\/www.europesays.com\/pt\/186194\/"},"modified":"2025-12-13T01:45:09","modified_gmt":"2025-12-13T01:45:09","slug":"sismo-moderado-sentido-no-centro-e-norte-de-portugal-guarda","status":"publish","type":"post","link":"https:\/\/www.europesays.com\/pt\/186194\/","title":{"rendered":"Sismo moderado sentido no Centro e Norte de Portugal | Guarda"},"content":{"rendered":"<p>Um sismo de intensidade moderada foi sentido cerca das 00h38 de s\u00e1bado no Centro e Norte de Portugal. O abalo de 4.1 graus de magnitude estimada, segundo o Instituto Portugu\u00eas do Mar e Atmosfera (<a href=\"https:\/\/www.ipma.pt\/pt\/geofisica\/sismicidade\/\" rel=\"nofollow noopener\" target=\"_blank\">IPMA<\/a>), teve epicentro entre Celorico da Beira e Fornos de Algodres, no distrito da Guarda, a 20 quil\u00f3metros de profundidade.<\/p>\n<p>Testemunhos recolhidos no <a href=\"https:\/\/www.emsc-csem.org\/Earthquake_information\/earthquake_map.php?id=1913750\" rel=\"nofollow noopener\" target=\"_blank\">site <\/a>do Centro Sismol\u00f3gico Euro-Mediterr\u00e2nico (CSEM) indicam que o sismo foi sentido pela popula\u00e7\u00e3o numa vasta \u00e1rea desde Ferreira do Z\u00eazere, a sul, at\u00e9 Barcelos, a norte, incluindo em Coimbra, Porto, Viseu ou na Covilh\u00e3.<\/p>\n<p>N\u00e3o h\u00e1, at\u00e9 ao momento, not\u00edcia de danos resultantes deste fen\u00f3meno.<\/p>\n","protected":false},"excerpt":{"rendered":"Um sismo de intensidade moderada foi sentido cerca das 00h38 de s\u00e1bado no Centro e Norte de Portugal.&hellip;\n","protected":false},"author":2,"featured_media":186195,"comment_status":"","ping_status":"","sticky":false,"template":"","format":"standard","meta":{"footnotes":""},"categories":[10],"tags":[27,28,37827,15,16,26920,8720,14,350,25,26,21,22,12,13,19,20,32,23,24,33,349,58,17,18,29,30,31,8721],"class_list":{"0":"post-186194","1":"post","2":"type-post","3":"status-publish","4":"format-standard","5":"has-post-thumbnail","7":"category-portugal","8":"tag-breaking-news","9":"tag-breakingnews","10":"tag-celorico-da-beira","11":"tag-featured-news","12":"tag-featurednews","13":"tag-fornos-de-algodres","14":"tag-guarda","15":"tag-headlines","16":"tag-ipma","17":"tag-latest-news","18":"tag-latestnews","19":"tag-main-news","20":"tag-mainnews","21":"tag-news","22":"tag-noticias","23":"tag-noticias-principais","24":"tag-noticiasprincipais","25":"tag-portugal","26":"tag-principais-noticias","27":"tag-principaisnoticias","28":"tag-pt","29":"tag-sismo","30":"tag-sociedade","31":"tag-top-stories","32":"tag-topstories","33":"tag-ultimas","34":"tag-ultimas-noticias","35":"tag-ultimasnoticias","36":"tag-viseu"},"share_on_mastodon":{"url":"https:\/\/pubeurope.com\/@pt\/115709734002339245","error":""},"_links":{"self":[{"href":"https:\/\/www.europesays.com\/pt\/wp-json\/wp\/v2\/posts\/186194","targetHints":{"allow":["GET"]}}],"collection":[{"href":"https:\/\/www.europesays.com\/pt\/wp-json\/wp\/v2\/posts"}],"about":[{"href":"https:\/\/www.europesays.com\/pt\/wp-json\/wp\/v2\/types\/post"}],"author":[{"embeddable":true,"href":"https:\/\/www.europesays.com\/pt\/wp-json\/wp\/v2\/users\/2"}],"replies":[{"embeddable":true,"href":"https:\/\/www.europesays.com\/pt\/wp-json\/wp\/v2\/comments?post=186194"}],"version-history":[{"count":0,"href":"https:\/\/www.europesays.com\/pt\/wp-json\/wp\/v2\/posts\/186194\/revisions"}],"wp:featuredmedia":[{"embeddable":true,"href":"https:\/\/www.europesays.com\/pt\/wp-json\/wp\/v2\/media\/186195"}],"wp:attachment":[{"href":"https:\/\/www.europesays.com\/pt\/wp-json\/wp\/v2\/media?parent=186194"}],"wp:term":[{"taxonomy":"category","embeddable":true,"href":"https:\/\/www.europesays.com\/pt\/wp-json\/wp\/v2\/categories?post=186194"},{"taxonomy":"post_tag","embeddable":true,"href":"https:\/\/www.europesays.com\/pt\/wp-json\/wp\/v2\/tags?post=186194"}],"curies":[{"name":"wp","href":"https:\/\/api.w.org\/{rel}","templated":true}]}}