{"id":186198,"date":"2025-12-13T01:48:27","date_gmt":"2025-12-13T01:48:27","guid":{"rendered":"https:\/\/www.europesays.com\/pt\/186198\/"},"modified":"2025-12-13T01:48:27","modified_gmt":"2025-12-13T01:48:27","slug":"exposicao-imagens-do-beco-leva-fotos-de-severino-silva-a-tavares-bastos-no-sabado","status":"publish","type":"post","link":"https:\/\/www.europesays.com\/pt\/186198\/","title":{"rendered":"Exposi\u00e7\u00e3o &#8216;Imagens do Beco&#8217; leva fotos de Severino Silva \u00e0 Tavares Bastos no s\u00e1bado"},"content":{"rendered":"\n<p class=\" content-text__container theme-color-primary-first-letter\" data-track-category=\"Link no Texto\" data-track-links=\"\"> A favela Tavares Bastos, na Zona Sul do Rio, recebe no pr\u00f3ximo s\u00e1bado a exposi\u00e7\u00e3o \u201cImagens do Beco\u201d, do fotojornalista Severino Silva. A mostra ser\u00e1 instalada no alto do morro, transformando o local em um percurso urbano para visita\u00e7\u00e3o. O projeto re\u00fane cerca de 50 imagens que abordam temas como cotidiano e religiosidade. As fotos foram registradas ao longo de mais de 30 anos de carreira de Severino, que vive na comunidade e construiu trajet\u00f3ria marcada pela cobertura de temas relacionados \u00e0 seguran\u00e7a p\u00fablica, aos direitos humanos e \u00e0 vida nas favelas cariocas. <\/p>\n","protected":false},"excerpt":{"rendered":"A favela Tavares Bastos, na Zona Sul do Rio, recebe no pr\u00f3ximo s\u00e1bado a exposi\u00e7\u00e3o \u201cImagens do Beco\u201d,&hellip;\n","protected":false},"author":2,"featured_media":186199,"comment_status":"","ping_status":"","sticky":false,"template":"","format":"standard","meta":{"footnotes":""},"categories":[144],"tags":[207,205,206,203,201,202,204,114,115,32,33],"class_list":{"0":"post-186198","1":"post","2":"type-post","3":"status-publish","4":"format-standard","5":"has-post-thumbnail","7":"category-arte-e-design","8":"tag-arte","9":"tag-arte-e-design","10":"tag-artedesign","11":"tag-arts","12":"tag-arts-and-design","13":"tag-artsanddesign","14":"tag-design","15":"tag-entertainment","16":"tag-entretenimento","17":"tag-portugal","18":"tag-pt"},"share_on_mastodon":{"url":"https:\/\/pubeurope.com\/@pt\/115709745699990756","error":""},"_links":{"self":[{"href":"https:\/\/www.europesays.com\/pt\/wp-json\/wp\/v2\/posts\/186198","targetHints":{"allow":["GET"]}}],"collection":[{"href":"https:\/\/www.europesays.com\/pt\/wp-json\/wp\/v2\/posts"}],"about":[{"href":"https:\/\/www.europesays.com\/pt\/wp-json\/wp\/v2\/types\/post"}],"author":[{"embeddable":true,"href":"https:\/\/www.europesays.com\/pt\/wp-json\/wp\/v2\/users\/2"}],"replies":[{"embeddable":true,"href":"https:\/\/www.europesays.com\/pt\/wp-json\/wp\/v2\/comments?post=186198"}],"version-history":[{"count":0,"href":"https:\/\/www.europesays.com\/pt\/wp-json\/wp\/v2\/posts\/186198\/revisions"}],"wp:featuredmedia":[{"embeddable":true,"href":"https:\/\/www.europesays.com\/pt\/wp-json\/wp\/v2\/media\/186199"}],"wp:attachment":[{"href":"https:\/\/www.europesays.com\/pt\/wp-json\/wp\/v2\/media?parent=186198"}],"wp:term":[{"taxonomy":"category","embeddable":true,"href":"https:\/\/www.europesays.com\/pt\/wp-json\/wp\/v2\/categories?post=186198"},{"taxonomy":"post_tag","embeddable":true,"href":"https:\/\/www.europesays.com\/pt\/wp-json\/wp\/v2\/tags?post=186198"}],"curies":[{"name":"wp","href":"https:\/\/api.w.org\/{rel}","templated":true}]}}