{"id":186204,"date":"2025-12-13T01:52:08","date_gmt":"2025-12-13T01:52:08","guid":{"rendered":"https:\/\/www.europesays.com\/pt\/186204\/"},"modified":"2025-12-13T01:52:08","modified_gmt":"2025-12-13T01:52:08","slug":"homem-aranha-um-novo-dia-tera-retorno-de-michael-giacchino-na-trilha-sonora","status":"publish","type":"post","link":"https:\/\/www.europesays.com\/pt\/186204\/","title":{"rendered":"Homem-Aranha: Um Novo Dia ter\u00e1 retorno de Michael Giacchino na trilha sonora"},"content":{"rendered":"<p class=\"wp-block-yoast-seo-estimated-reading-time yoast-reading-time__wrapper\">Estimated reading time: 2 minutos<\/p>\n<p>De acordo com relat\u00f3rio do <strong>The Hollywood Reporter<\/strong>, <strong>Michael Giacchino<\/strong> est\u00e1 de volta ao universo do <strong>Homem-Aranha<\/strong>. O compositor ser\u00e1 respons\u00e1vel pela trilha sonora do pr\u00f3ximo filme do her\u00f3i, intitulado <a href=\"https:\/\/ovicio.com.br\/tag\/homem-aranha-um-novo-dia\/\" target=\"_blank\" rel=\"noreferrer noopener nofollow\">Homem-Aranha: Um Novo Dia<\/a>.<\/p>\n<p>Giacchino assinou as can\u00e7\u00f5es da trilogia do <strong>Universo Cinematogr\u00e1fico Marvel<\/strong>:<\/p>\n<ul class=\"wp-block-list\">\n<li><strong>Homem-Aranha: De Volta ao Lar<\/strong> (2017)<\/li>\n<li><strong>Homem-Aranha: Longe de Casa<\/strong> (2019)<\/li>\n<li><strong>Homem-Aranha: Sem Volta para Casa<\/strong> (2021)<\/li>\n<\/ul>\n<p>Todos foram dirigidos por <strong>Jon Watts<\/strong>.<\/p>\n<p>Agora, no in\u00edcio da nova fase da franquia, ir\u00e1 colaborar com <strong>Destin Daniel Cretton<\/strong>.<\/p>\n<p>O site aponta que a fotografia principal acabar\u00e1 definitivamente em <strong>16 de dezembro<\/strong>, dando a Cretton, Giacchino e o restante da equipe cerca de <strong>seis meses<\/strong> para finalizar a p\u00f3s-produ\u00e7\u00e3o.<\/p>\n<p>Sabemos que j\u00e1 existem refilmagens sendo planejadas. Os atores\u00a0<strong>retornar\u00e3o ao set<\/strong>\u00a0em fevereiro.<\/p>\n<p>A suposta descri\u00e7\u00e3o do longa-metragem diz: \u201c<strong>Homem-Aranha, Justiceiro e Hulk lutar\u00e3o entre si antes de descobrir quem s\u00e3o os verdadeiros vil\u00f5es<\/strong>.\u201d<\/p>\n<p>Leia mais sobre Homem-Aranha:<\/p>\n<p>O t\u00edtulo \u00e9 uma refer\u00eancia direta ao arco dos quadrinhos publicado em 2008, que seguiu a controversa hist\u00f3ria\u00a0<strong>Um Dia a Mais<\/strong>, na qual o casamento de Peter Parker com Mary Jane Watson foi apagado da exist\u00eancia por Mefisto.<\/p>\n<p>A estreia est\u00e1 marcada para\u00a0<strong>31 de julho de 2026<\/strong>.<\/p>\n<p><strong>Fonte<\/strong>: <a href=\"https:\/\/view.email.hollywoodreporter.com\/?qs=07df8d08af65dc83ca229ede4d5bb65005f2a5bc344aa23194f84d3fee32feb4f2df2b3e6bd05888cd922d2569f078614345bd4a4f7a126b18e6960b9239e3979cccb5fee642fb60\" target=\"_blank\" rel=\"noreferrer noopener nofollow\">THR<\/a><\/p>\n","protected":false},"excerpt":{"rendered":"Estimated reading time: 2 minutos De acordo com relat\u00f3rio do The Hollywood Reporter, Michael Giacchino est\u00e1 de volta&hellip;\n","protected":false},"author":2,"featured_media":186205,"comment_status":"","ping_status":"","sticky":false,"template":"","format":"standard","meta":{"footnotes":""},"categories":[140],"tags":[114,115,147,148,5814,10305,792,12733,146,32,33],"class_list":{"0":"post-186204","1":"post","2":"type-post","3":"status-publish","4":"format-standard","5":"has-post-thumbnail","7":"category-filmes","8":"tag-entertainment","9":"tag-entretenimento","10":"tag-film","11":"tag-filmes","12":"tag-homem-aranha","13":"tag-homem-aranha-um-novo-dia","14":"tag-marvel","15":"tag-marvel-studios","16":"tag-movies","17":"tag-portugal","18":"tag-pt"},"share_on_mastodon":{"url":"https:\/\/pubeurope.com\/@pt\/115709761679449506","error":""},"_links":{"self":[{"href":"https:\/\/www.europesays.com\/pt\/wp-json\/wp\/v2\/posts\/186204","targetHints":{"allow":["GET"]}}],"collection":[{"href":"https:\/\/www.europesays.com\/pt\/wp-json\/wp\/v2\/posts"}],"about":[{"href":"https:\/\/www.europesays.com\/pt\/wp-json\/wp\/v2\/types\/post"}],"author":[{"embeddable":true,"href":"https:\/\/www.europesays.com\/pt\/wp-json\/wp\/v2\/users\/2"}],"replies":[{"embeddable":true,"href":"https:\/\/www.europesays.com\/pt\/wp-json\/wp\/v2\/comments?post=186204"}],"version-history":[{"count":0,"href":"https:\/\/www.europesays.com\/pt\/wp-json\/wp\/v2\/posts\/186204\/revisions"}],"wp:featuredmedia":[{"embeddable":true,"href":"https:\/\/www.europesays.com\/pt\/wp-json\/wp\/v2\/media\/186205"}],"wp:attachment":[{"href":"https:\/\/www.europesays.com\/pt\/wp-json\/wp\/v2\/media?parent=186204"}],"wp:term":[{"taxonomy":"category","embeddable":true,"href":"https:\/\/www.europesays.com\/pt\/wp-json\/wp\/v2\/categories?post=186204"},{"taxonomy":"post_tag","embeddable":true,"href":"https:\/\/www.europesays.com\/pt\/wp-json\/wp\/v2\/tags?post=186204"}],"curies":[{"name":"wp","href":"https:\/\/api.w.org\/{rel}","templated":true}]}}