{"id":186210,"date":"2025-12-13T02:01:50","date_gmt":"2025-12-13T02:01:50","guid":{"rendered":"https:\/\/www.europesays.com\/pt\/186210\/"},"modified":"2025-12-13T02:01:50","modified_gmt":"2025-12-13T02:01:50","slug":"cla-e-nininho-vaz-maia-dao-musica-a-passagem-de-ano-na-avenida-dos-aliados","status":"publish","type":"post","link":"https:\/\/www.europesays.com\/pt\/186210\/","title":{"rendered":"Cl\u00e3 e Nininho Vaz Maia d\u00e3o m\u00fasica \u00e0 passagem de ano na Avenida dos Aliados"},"content":{"rendered":"<p data-remotead-prev-elm=\"true\" data-remotead-elm-id=\"inread\">A festa arranca \u00e0s 22 horas com o concerto dos Cl\u00e3, banda com mais de 30 anos de carreira. \u00c0 semelhan\u00e7a de anos anteriores, a autarquia apostar em artistas com liga\u00e7\u00e3o \u00e0 cidade.<\/p>\n<p>Segue-se o espet\u00e1culo de fogo artificio, que contar\u00e1 com uma componente multim\u00e9dia, concebida pelo est\u00fadio Grandpa&#8221;s Studio. A proposta, intitulada &#8220;Fluxo&#8221;, pretende ilustrar a passagem do tempo e a transforma\u00e7\u00e3o cont\u00ednua, inspirando-se no movimento de um rio, desde o nascimento, passando pelo percurso, at\u00e9 encontrar o mar, explicou a c\u00e2mara, em comunicado.<\/p>\n<p>J\u00e1 no novo ano, \u00e0s 00.30 horas, sobe ao palco Nininho Vaz Maia, m\u00fasico que combina flamenco, pop e a tradi\u00e7\u00e3o cigana.<\/p>\n<p data-remotead-prev-elm=\"true\" data-remotead-elm-id=\"centro1\">O encerramento da noite ficar\u00e1 a cargo do DJ set dos BeatBombers, dupla formada por DJ Ride e Steressauro, que atuam \u00e0s 2 horas.<\/p>\n<p>A festa da entrada de 2026 prolonga-se no dia seguinte, a partir das 16 horas, com o tradicional Concerto de Ano Novo na Avenida dos Aliados, desta vez a cargo da Banda Sinf\u00f3nica Portuguesa.<\/p>\n","protected":false},"excerpt":{"rendered":"A festa arranca \u00e0s 22 horas com o concerto dos Cl\u00e3, banda com mais de 30 anos de&hellip;\n","protected":false},"author":2,"featured_media":186211,"comment_status":"","ping_status":"","sticky":false,"template":"","format":"standard","meta":{"footnotes":""},"categories":[85],"tags":[32522,20018,114,115,37831,32,33],"class_list":{"0":"post-186210","1":"post","2":"type-post","3":"status-publish","4":"format-standard","5":"has-post-thumbnail","7":"category-entretenimento","8":"tag-avenida-dos-aliados","9":"tag-concelho-porto","10":"tag-entertainment","11":"tag-entretenimento","12":"tag-nininho-vaz-maia","13":"tag-portugal","14":"tag-pt"},"share_on_mastodon":{"url":"https:\/\/pubeurope.com\/@pt\/115709800810756979","error":""},"_links":{"self":[{"href":"https:\/\/www.europesays.com\/pt\/wp-json\/wp\/v2\/posts\/186210","targetHints":{"allow":["GET"]}}],"collection":[{"href":"https:\/\/www.europesays.com\/pt\/wp-json\/wp\/v2\/posts"}],"about":[{"href":"https:\/\/www.europesays.com\/pt\/wp-json\/wp\/v2\/types\/post"}],"author":[{"embeddable":true,"href":"https:\/\/www.europesays.com\/pt\/wp-json\/wp\/v2\/users\/2"}],"replies":[{"embeddable":true,"href":"https:\/\/www.europesays.com\/pt\/wp-json\/wp\/v2\/comments?post=186210"}],"version-history":[{"count":0,"href":"https:\/\/www.europesays.com\/pt\/wp-json\/wp\/v2\/posts\/186210\/revisions"}],"wp:featuredmedia":[{"embeddable":true,"href":"https:\/\/www.europesays.com\/pt\/wp-json\/wp\/v2\/media\/186211"}],"wp:attachment":[{"href":"https:\/\/www.europesays.com\/pt\/wp-json\/wp\/v2\/media?parent=186210"}],"wp:term":[{"taxonomy":"category","embeddable":true,"href":"https:\/\/www.europesays.com\/pt\/wp-json\/wp\/v2\/categories?post=186210"},{"taxonomy":"post_tag","embeddable":true,"href":"https:\/\/www.europesays.com\/pt\/wp-json\/wp\/v2\/tags?post=186210"}],"curies":[{"name":"wp","href":"https:\/\/api.w.org\/{rel}","templated":true}]}}