{"id":186212,"date":"2025-12-13T02:05:02","date_gmt":"2025-12-13T02:05:02","guid":{"rendered":"https:\/\/www.europesays.com\/pt\/186212\/"},"modified":"2025-12-13T02:05:02","modified_gmt":"2025-12-13T02:05:02","slug":"cem-funcionarios-publicos-ligados-a-redes-de-trafico","status":"publish","type":"post","link":"https:\/\/www.europesays.com\/pt\/186212\/","title":{"rendered":"Cem funcion\u00e1rios p\u00fablicos ligados a redes de tr\u00e1fico"},"content":{"rendered":"<p class=\"texto\">Um grupo criminoso de Leiria que trazia toneladas de folhas de can\u00e1bis do norte de \u00c1frica e as enviava, escondida em cami\u00f5es TIR, para a Escandin\u00e1via, usava batedores nas estradas para controlar se havia brigadas de tr\u00e2nsito ou opera\u00e7\u00f5es stop durante o trajeto da droga. E parecia sempre saber livrar-se da pol\u00edcia.<\/p>\n<p><a href=\"https:\/\/expresso.pt\/subscrever?action=GEN&amp;channel=BAF&amp;type=CAP&amp;source=WEB&amp;returnUrl=https:\/\/expresso.pt\/sociedade\/2025-12-11-cem-funcionarios-publicos-ligados-a-redes-de-trafico-a1f2d1f8&amp;utm_source=expresso&amp;utm_medium=locked_article&amp;locked=true&amp;article_id=0d73193d-1cb9-4caf-aee7-f1c954f2c612&amp;author_id=Hugo+Franco&amp;category=Sociedade\" target=\"_self\" class=\"\" rel=\"nofollow noopener\">Subscrever<\/a>J\u00e1 \u00e9 Subscritor?Fa\u00e7a login e continue a ler<a href=\"http:\/\/expresso.pt\/codigo?redirectUrl=https:\/\/expresso.pt\/sociedade\/2025-12-11-cem-funcionarios-publicos-ligados-a-redes-de-trafico-a1f2d1f8\" target=\"_self\" class=\"\" rel=\"nofollow noopener\">Inserir C\u00f3digo<\/a>Comprou o Expresso?Insira o c\u00f3digo presente na Revista E para continuar a ler<\/p>\n","protected":false},"excerpt":{"rendered":"Um grupo criminoso de Leiria que trazia toneladas de folhas de can\u00e1bis do norte de \u00c1frica e as&hellip;\n","protected":false},"author":2,"featured_media":186213,"comment_status":"","ping_status":"","sticky":false,"template":"","format":"standard","meta":{"footnotes":""},"categories":[10],"tags":[27,28,15,16,14,25,26,21,22,12,13,19,20,32,23,24,33,17,18,29,30,31],"class_list":{"0":"post-186212","1":"post","2":"type-post","3":"status-publish","4":"format-standard","5":"has-post-thumbnail","7":"category-portugal","8":"tag-breaking-news","9":"tag-breakingnews","10":"tag-featured-news","11":"tag-featurednews","12":"tag-headlines","13":"tag-latest-news","14":"tag-latestnews","15":"tag-main-news","16":"tag-mainnews","17":"tag-news","18":"tag-noticias","19":"tag-noticias-principais","20":"tag-noticiasprincipais","21":"tag-portugal","22":"tag-principais-noticias","23":"tag-principaisnoticias","24":"tag-pt","25":"tag-top-stories","26":"tag-topstories","27":"tag-ultimas","28":"tag-ultimas-noticias","29":"tag-ultimasnoticias"},"share_on_mastodon":{"url":"https:\/\/pubeurope.com\/@pt\/115709812615031743","error":""},"_links":{"self":[{"href":"https:\/\/www.europesays.com\/pt\/wp-json\/wp\/v2\/posts\/186212","targetHints":{"allow":["GET"]}}],"collection":[{"href":"https:\/\/www.europesays.com\/pt\/wp-json\/wp\/v2\/posts"}],"about":[{"href":"https:\/\/www.europesays.com\/pt\/wp-json\/wp\/v2\/types\/post"}],"author":[{"embeddable":true,"href":"https:\/\/www.europesays.com\/pt\/wp-json\/wp\/v2\/users\/2"}],"replies":[{"embeddable":true,"href":"https:\/\/www.europesays.com\/pt\/wp-json\/wp\/v2\/comments?post=186212"}],"version-history":[{"count":0,"href":"https:\/\/www.europesays.com\/pt\/wp-json\/wp\/v2\/posts\/186212\/revisions"}],"wp:featuredmedia":[{"embeddable":true,"href":"https:\/\/www.europesays.com\/pt\/wp-json\/wp\/v2\/media\/186213"}],"wp:attachment":[{"href":"https:\/\/www.europesays.com\/pt\/wp-json\/wp\/v2\/media?parent=186212"}],"wp:term":[{"taxonomy":"category","embeddable":true,"href":"https:\/\/www.europesays.com\/pt\/wp-json\/wp\/v2\/categories?post=186212"},{"taxonomy":"post_tag","embeddable":true,"href":"https:\/\/www.europesays.com\/pt\/wp-json\/wp\/v2\/tags?post=186212"}],"curies":[{"name":"wp","href":"https:\/\/api.w.org\/{rel}","templated":true}]}}