{"id":186216,"date":"2025-12-13T02:08:59","date_gmt":"2025-12-13T02:08:59","guid":{"rendered":"https:\/\/www.europesays.com\/pt\/186216\/"},"modified":"2025-12-13T02:08:59","modified_gmt":"2025-12-13T02:08:59","slug":"arquitetura-global-lamenta-a-perda-de-frank-gehry-icone-do-deconstrutivismo","status":"publish","type":"post","link":"https:\/\/www.europesays.com\/pt\/186216\/","title":{"rendered":"Arquitetura Global Lamenta a Perda de Frank Gehry, \u00cdcone do Deconstrutivismo"},"content":{"rendered":"<p>Compartilhe esse conte\u00fado<\/p>\n<p>A arquitetura contempor\u00e2nea e global perde um de seus nomes mais revolucion\u00e1rios e divisivos: <strong>Frank Gehry<\/strong>. Conhecido por seu estilo arrebatador e de vanguarda, o arquiteto deixa um legado de obras ic\u00f4nicas que transformaram o cen\u00e1rio urbano e desafiaram as conven\u00e7\u00f5es da <strong>arquitetura deconstructivista<\/strong>.<\/p>\n<p>Seu trabalho, caracterizado por formas fluidas, superf\u00edcies met\u00e1licas e volumes org\u00e2nicos, sempre gerou paix\u00f5es incondicionais entre os adeptos e cr\u00edticas ferozes dos tradicionalistas. No entanto, o impacto de Gehry na <strong>arquitetura global<\/strong> \u00e9 ineg\u00e1vel, especialmente no que diz respeito \u00e0 forma como estruturas complexas podem se integrar e revitalizar cidades inteiras.<\/p>\n<p>O Legado Deconstructivista: Materiais e Inova\u00e7\u00e3o Estrutural<\/p>\n<p>O estilo de <strong>Frank Gehry<\/strong> \u00e9 uma li\u00e7\u00e3o de engenharia e inova\u00e7\u00e3o, utilizando materiais como tit\u00e2nio e vidro em pain\u00e9is complexos que parecem desafiar a gravidade. Essa <strong>arquitetura ic\u00f4nica<\/strong> n\u00e3o apenas mudou a est\u00e9tica, mas impulsionou o desenvolvimento de softwares e t\u00e9cnicas de modelagem estrutural avan\u00e7ada, tornando poss\u00edvel a execu\u00e7\u00e3o de curvas e \u00e2ngulos antes inimagin\u00e1veis.<\/p>\n<p>Obras Ic\u00f4nicas no Cen\u00e1rio Global<\/p>\n<p>A genialidade de Gehry est\u00e1 estampada em projetos ao redor do mundo, cada um servindo como um marco de sua abordagem singular:<\/p>\n<p>1. Funda\u00e7\u00e3o Louis Vuitton (Paris, Fran\u00e7a)<img loading=\"lazy\" data-lazyloaded=\"1\" decoding=\"async\" width=\"1024\" height=\"682\" src=\"https:\/\/www.europesays.com\/pt\/wp-content\/uploads\/2025\/12\/iwan-1024x682.jpg\" alt=\"\" class=\"wp-image-130422\"  data-\/><\/p>\n<p>A <strong>Fondation Louis Vuitton em Paris<\/strong> \u00e9 um dos projetos mais recentes e visualmente impressionantes de Gehry. A estrutura, que se assemelha a um veleiro com velas de vidro infladas, utiliza 3.600 pain\u00e9is de vidro e 19.000 pain\u00e9is de concreto de fibra de alto desempenho. A obra francesa \u00e9 um exemplo m\u00e1ximo de sua capacidade de aliar arte e engenharia para criar espa\u00e7os culturais din\u00e2micos.<\/p>\n<p>2. Museu Guggenheim de Bilbao (Bilbao, Espanha)<img loading=\"lazy\" data-lazyloaded=\"1\" decoding=\"async\" width=\"1024\" height=\"681\" src=\"https:\/\/www.europesays.com\/pt\/wp-content\/uploads\/2025\/12\/licensed-image-1-1024x681.jpg\" alt=\"\" class=\"wp-image-130423\"  data-\/><\/p>\n<p>Considerado a obra que colocou a cidade de Bilbao no mapa global, o <strong>Museu Guggenheim de Bilbao<\/strong> \u00e9 frequentemente citado como a obra-prima de Gehry. Inaugurado em 1997, o museu \u00e9 famoso por suas curvas revestidas em placas de tit\u00e2nio, que capturam e refletem a luz de maneira espetacular, redefinindo o conceito de arquitetura museol\u00f3gica.<\/p>\n<p>3. Disney Concert Hall (Los Angeles, EUA)<img data-lazyloaded=\"1\" loading=\"lazy\" decoding=\"async\" width=\"1024\" height=\"681\" src=\"https:\/\/www.europesays.com\/pt\/wp-content\/uploads\/2025\/12\/licensed-image-2-1024x681.jpg\" alt=\"\" class=\"wp-image-130424\"  data-\/><\/p>\n<p>Localizado em Los Angeles, o <strong>Disney Concert Hall<\/strong> \u00e9 um \u00edcone cultural. Conclu\u00eddo em 2003, o audit\u00f3rio \u00e9 reconhecido por seu design fluido em a\u00e7o inoxid\u00e1vel e, principalmente, por sua ac\u00fastica impec\u00e1vel, demonstrando que a complexidade formal de Gehry pode ser combinada com a funcionalidade t\u00e9cnica exigida em espa\u00e7os de alta performance.<\/p>\n<p>O Impacto Duradouro na Constru\u00e7\u00e3o Civil<\/p>\n<p>O falecimento de <strong>Frank Gehry<\/strong> marca o fim de uma era de experimenta\u00e7\u00e3o sem limites. Para a <strong>Constru\u00e7\u00e3o Civil<\/strong> e a <strong>engenharia estrutural<\/strong>, seu legado reside na prova de que n\u00e3o existem limites para a forma, desde que haja inova\u00e7\u00e3o t\u00e9cnica e dom\u00ednio de materiais. Suas obras continuar\u00e3o a inspirar arquitetos e a desafiar construtoras a buscar a excel\u00eancia na execu\u00e7\u00e3o de projetos verdadeiramente audaciosos.<\/p>\n<p><\/p>\n<p>Compartilhe esse conte\u00fado<\/p>\n","protected":false},"excerpt":{"rendered":"Compartilhe esse conte\u00fado A arquitetura contempor\u00e2nea e global perde um de seus nomes mais revolucion\u00e1rios e divisivos: Frank&hellip;\n","protected":false},"author":2,"featured_media":186217,"comment_status":"","ping_status":"","sticky":false,"template":"","format":"standard","meta":{"footnotes":""},"categories":[144],"tags":[304,207,205,206,203,201,202,204,114,115,32,33],"class_list":{"0":"post-186216","1":"post","2":"type-post","3":"status-publish","4":"format-standard","5":"has-post-thumbnail","7":"category-arte-e-design","8":"tag-arquitetura","9":"tag-arte","10":"tag-arte-e-design","11":"tag-artedesign","12":"tag-arts","13":"tag-arts-and-design","14":"tag-artsanddesign","15":"tag-design","16":"tag-entertainment","17":"tag-entretenimento","18":"tag-portugal","19":"tag-pt"},"share_on_mastodon":{"url":"https:\/\/pubeurope.com\/@pt\/115709829255454497","error":""},"_links":{"self":[{"href":"https:\/\/www.europesays.com\/pt\/wp-json\/wp\/v2\/posts\/186216","targetHints":{"allow":["GET"]}}],"collection":[{"href":"https:\/\/www.europesays.com\/pt\/wp-json\/wp\/v2\/posts"}],"about":[{"href":"https:\/\/www.europesays.com\/pt\/wp-json\/wp\/v2\/types\/post"}],"author":[{"embeddable":true,"href":"https:\/\/www.europesays.com\/pt\/wp-json\/wp\/v2\/users\/2"}],"replies":[{"embeddable":true,"href":"https:\/\/www.europesays.com\/pt\/wp-json\/wp\/v2\/comments?post=186216"}],"version-history":[{"count":0,"href":"https:\/\/www.europesays.com\/pt\/wp-json\/wp\/v2\/posts\/186216\/revisions"}],"wp:featuredmedia":[{"embeddable":true,"href":"https:\/\/www.europesays.com\/pt\/wp-json\/wp\/v2\/media\/186217"}],"wp:attachment":[{"href":"https:\/\/www.europesays.com\/pt\/wp-json\/wp\/v2\/media?parent=186216"}],"wp:term":[{"taxonomy":"category","embeddable":true,"href":"https:\/\/www.europesays.com\/pt\/wp-json\/wp\/v2\/categories?post=186216"},{"taxonomy":"post_tag","embeddable":true,"href":"https:\/\/www.europesays.com\/pt\/wp-json\/wp\/v2\/tags?post=186216"}],"curies":[{"name":"wp","href":"https:\/\/api.w.org\/{rel}","templated":true}]}}