{"id":186218,"date":"2025-12-13T02:11:21","date_gmt":"2025-12-13T02:11:21","guid":{"rendered":"https:\/\/www.europesays.com\/pt\/186218\/"},"modified":"2025-12-13T02:11:21","modified_gmt":"2025-12-13T02:11:21","slug":"revelacao-em-secret-story-nome-da-filha-de-pedro-jorge-e-marisa-esconde-historia-que-envolve-marisa-liz","status":"publish","type":"post","link":"https:\/\/www.europesays.com\/pt\/186218\/","title":{"rendered":"Revela\u00e7\u00e3o em &#8220;Secret Story&#8221;! Nome da filha de Pedro Jorge e Marisa esconde hist\u00f3ria&#8230; que envolve Marisa Liz!"},"content":{"rendered":"<p>Agora que os demais concorrentes da nona edi\u00e7\u00e3o de &#8220;Secret Story &#8211; Casa dos Segredos&#8221; j\u00e1 sabem que Marisa Pires e Pedro Jorge t\u00eam dois filhos em comum, o participante do reality show da <a href=\"https:\/\/tvi.iol.pt\/\" target=\"_blank\" rel=\"nofollow noopener\">TVI<\/a> contou a Leandro Martins o porqu\u00ea dos invulgares nomes dos meninos:\u00a0Yara Liz e\u00a0Th\u00e9o Gael.<\/p>\n<p>Em rela\u00e7\u00e3o a Yara Liz, segundo <a href=\"https:\/\/selfie.iol.pt\/famosos\/casa-dos-segredos-9\/surpresa-fora-de-secret-story-bruno-savate-lanca-dura-critica-a-pedro-jorge-falta-de-lealdade\/20251209\/69385eaed34e3caad84c2e70\" target=\"_blank\" rel=\"nofollow noopener\">Pedro Jorge<\/a>, o casal sempre gostou do primeiro nome. J\u00e1 o segundo est\u00e1 relacionado com uma conhecida cantora:\u00a0&#8220;Estive a ver Marisa Liz e, como ela \u00e9 Marisa e gostei do Liz, perguntei-lhe se ela gostava. A conjun\u00e7\u00e3o dos dois nomes ficava muito giro e ficou.&#8221;<\/p>\n<p>Tamb\u00e9m a escolha do nome de Th\u00e9o Gael teve influ\u00eancia do concorrente de &#8220;Secret Story &#8211; Casa dos Segredos&#8221;. &#8220;Gosto muito do nome Th\u00e9o. \u00c9 nome de jogador da bola e pensei mais nessa parte. Gael significa Deus e gost\u00e1mos logo. Gost\u00e1mos por ser diferente e opt\u00e1mos assim&#8221;, explicou, constatando: &#8220;At\u00e9 a m\u00e3e e o pai da Marisa t\u00eam dificuldade em dizer estes nomes&#8221;.<\/p>\n<p>Yara tem cinco anos. J\u00e1 Th\u00e9o nasceu a 13 de mar\u00e7o do ano passado.<\/p>\n<p>Veja, agora, o v\u00eddeo do referido momento protagonizado por Pedro Jorge e <a href=\"https:\/\/selfie.iol.pt\/famosos\/casa-dos-segredos-9\/espanto-em-secret-story-leandro-revela-quem-mais-o-atrai-e-resposta-deixa-todos-de-boca-aberta\/20251209\/693869b5d34e3caad84c2f0c\" target=\"_blank\" rel=\"nofollow noopener\">Leandro Martins<\/a> em &#8220;<a href=\"https:\/\/tvi.iol.pt\/secretstory\/\" target=\"_blank\" rel=\"nofollow noopener\">Secret Story<\/a> &#8211; Casa dos Segredos&#8221;.<\/p>\n","protected":false},"excerpt":{"rendered":"Agora que os demais concorrentes da nona edi\u00e7\u00e3o de &#8220;Secret Story &#8211; Casa dos Segredos&#8221; j\u00e1 sabem que&hellip;\n","protected":false},"author":2,"featured_media":155879,"comment_status":"","ping_status":"","sticky":false,"template":"","format":"standard","meta":{"footnotes":""},"categories":[142],"tags":[2632,13471,114,115,980,1127,3435,1870,12397,26373,19184,7817,21766,619,14646,21416,32,33,1014,1315,6985,16687,16686,1012,6986,16688,31124,37833,151,162,5738,37832],"class_list":{"0":"post-186218","1":"post","2":"type-post","3":"status-publish","4":"format-standard","5":"has-post-thumbnail","7":"category-tv","8":"tag-casa-dos-segredos","9":"tag-casa-dos-segredos-9","10":"tag-entertainment","11":"tag-entretenimento","12":"tag-famosos","13":"tag-filha","14":"tag-filho","15":"tag-filhos","16":"tag-leandro","17":"tag-leandro-martins","18":"tag-marisa","19":"tag-marisa-liz","20":"tag-marisa-pires","21":"tag-nacional","22":"tag-pedro","23":"tag-pedro-jorge","24":"tag-portugal","25":"tag-pt","26":"tag-reality-show","27":"tag-secret-story","28":"tag-secret-story-casa-dos-segredos","29":"tag-secret-story-casa-dos-segredos-9","30":"tag-secret-story-9","31":"tag-selfie","32":"tag-ss","33":"tag-ss9","34":"tag-theo","35":"tag-theo-gael","36":"tag-tv","37":"tag-tvi","38":"tag-yara","39":"tag-yara-liz"},"share_on_mastodon":{"url":"https:\/\/pubeurope.com\/@pt\/115709836316883759","error":""},"_links":{"self":[{"href":"https:\/\/www.europesays.com\/pt\/wp-json\/wp\/v2\/posts\/186218","targetHints":{"allow":["GET"]}}],"collection":[{"href":"https:\/\/www.europesays.com\/pt\/wp-json\/wp\/v2\/posts"}],"about":[{"href":"https:\/\/www.europesays.com\/pt\/wp-json\/wp\/v2\/types\/post"}],"author":[{"embeddable":true,"href":"https:\/\/www.europesays.com\/pt\/wp-json\/wp\/v2\/users\/2"}],"replies":[{"embeddable":true,"href":"https:\/\/www.europesays.com\/pt\/wp-json\/wp\/v2\/comments?post=186218"}],"version-history":[{"count":0,"href":"https:\/\/www.europesays.com\/pt\/wp-json\/wp\/v2\/posts\/186218\/revisions"}],"wp:featuredmedia":[{"embeddable":true,"href":"https:\/\/www.europesays.com\/pt\/wp-json\/wp\/v2\/media\/155879"}],"wp:attachment":[{"href":"https:\/\/www.europesays.com\/pt\/wp-json\/wp\/v2\/media?parent=186218"}],"wp:term":[{"taxonomy":"category","embeddable":true,"href":"https:\/\/www.europesays.com\/pt\/wp-json\/wp\/v2\/categories?post=186218"},{"taxonomy":"post_tag","embeddable":true,"href":"https:\/\/www.europesays.com\/pt\/wp-json\/wp\/v2\/tags?post=186218"}],"curies":[{"name":"wp","href":"https:\/\/api.w.org\/{rel}","templated":true}]}}