{"id":186225,"date":"2025-12-13T02:15:10","date_gmt":"2025-12-13T02:15:10","guid":{"rendered":"https:\/\/www.europesays.com\/pt\/186225\/"},"modified":"2025-12-13T02:15:10","modified_gmt":"2025-12-13T02:15:10","slug":"amazonas-confirma-casos-de-raiva-animal-apos-morte-de-bezerros-no-interior","status":"publish","type":"post","link":"https:\/\/www.europesays.com\/pt\/186225\/","title":{"rendered":"Amazonas confirma casos de raiva animal ap\u00f3s morte de bezerros no interior"},"content":{"rendered":"<p>A Ag\u00eancia de Defesa Agropecu\u00e1ria e Florestal do Amazonas (Adaf) confirmou dois casos de raiva animal em bezerros na zona rural de Presidente Figueiredo, no interior do estado. <\/p>\n<p>Os animais pertenciam a um rebanho localizado no ramal Canoas e morreram ap\u00f3s apresentarem sintomas da doen\u00e7a.<\/p>\n<p>A confirma\u00e7\u00e3o ocorreu ap\u00f3s an\u00e1lises feitas pelo Laborat\u00f3rio Central de Sa\u00fade P\u00fablica do Amazonas (Lacen). <\/p>\n<p>                Leia mais<\/p>\n<p>Com o diagn\u00f3stico, a Adaf adotou medidas sanit\u00e1rias, incluindo vacina\u00e7\u00e3o preventiva na propriedade, e informou que o foco foi controlado.<\/p>\n<p>Segundo a ag\u00eancia, n\u00e3o h\u00e1 risco para outros animais do munic\u00edpio, que possui cerca de 12 mil cabe\u00e7as de gado. <\/p>\n<p>A Adaf alertou, por\u00e9m, para a escassez de vacinas contra a raiva animal no estado, com previs\u00e3o de reposi\u00e7\u00e3o das doses na pr\u00f3xima semana.<\/p>\n<p>Leia mais no <a href=\"https:\/\/g1.globo.com\/am\/amazonas\/noticia\/2025\/12\/12\/casos-de-raiva-animal-sao-confirmados-apos-morte-de-bezerros-no-interior-do-am.ghtml\" target=\"_blank\" rel=\"noreferrer noopener nofollow\">G1<\/a>.<\/p>\n<p>Foto: Idam\/divulga\u00e7\u00e3o<\/p>\n","protected":false},"excerpt":{"rendered":"A Ag\u00eancia de Defesa Agropecu\u00e1ria e Florestal do Amazonas (Adaf) confirmou dois casos de raiva animal em bezerros&hellip;\n","protected":false},"author":2,"featured_media":186226,"comment_status":"","ping_status":"","sticky":false,"template":"","format":"standard","meta":{"footnotes":""},"categories":[86],"tags":[116,32,33,117],"class_list":{"0":"post-186225","1":"post","2":"type-post","3":"status-publish","4":"format-standard","5":"has-post-thumbnail","7":"category-saude","8":"tag-health","9":"tag-portugal","10":"tag-pt","11":"tag-saude"},"share_on_mastodon":{"url":"https:\/\/pubeurope.com\/@pt\/115709851991280899","error":""},"_links":{"self":[{"href":"https:\/\/www.europesays.com\/pt\/wp-json\/wp\/v2\/posts\/186225","targetHints":{"allow":["GET"]}}],"collection":[{"href":"https:\/\/www.europesays.com\/pt\/wp-json\/wp\/v2\/posts"}],"about":[{"href":"https:\/\/www.europesays.com\/pt\/wp-json\/wp\/v2\/types\/post"}],"author":[{"embeddable":true,"href":"https:\/\/www.europesays.com\/pt\/wp-json\/wp\/v2\/users\/2"}],"replies":[{"embeddable":true,"href":"https:\/\/www.europesays.com\/pt\/wp-json\/wp\/v2\/comments?post=186225"}],"version-history":[{"count":0,"href":"https:\/\/www.europesays.com\/pt\/wp-json\/wp\/v2\/posts\/186225\/revisions"}],"wp:featuredmedia":[{"embeddable":true,"href":"https:\/\/www.europesays.com\/pt\/wp-json\/wp\/v2\/media\/186226"}],"wp:attachment":[{"href":"https:\/\/www.europesays.com\/pt\/wp-json\/wp\/v2\/media?parent=186225"}],"wp:term":[{"taxonomy":"category","embeddable":true,"href":"https:\/\/www.europesays.com\/pt\/wp-json\/wp\/v2\/categories?post=186225"},{"taxonomy":"post_tag","embeddable":true,"href":"https:\/\/www.europesays.com\/pt\/wp-json\/wp\/v2\/tags?post=186225"}],"curies":[{"name":"wp","href":"https:\/\/api.w.org\/{rel}","templated":true}]}}