{"id":186229,"date":"2025-12-13T02:24:15","date_gmt":"2025-12-13T02:24:15","guid":{"rendered":"https:\/\/www.europesays.com\/pt\/186229\/"},"modified":"2025-12-13T02:24:15","modified_gmt":"2025-12-13T02:24:15","slug":"fiuk-rebate-criticas-e-expoe-bastidores-de-filme-polemico","status":"publish","type":"post","link":"https:\/\/www.europesays.com\/pt\/186229\/","title":{"rendered":"Fiuk rebate cr\u00edticas e exp\u00f5e bastidores de filme pol\u00eamico"},"content":{"rendered":"<p>  <img class=\"content-first-image wp-image-2747328 size-full\" loading=\"eager\" decoding=\"sync\" fetchpriority=\"high\" src=\"https:\/\/www.europesays.com\/pt\/wp-content\/uploads\/2025\/12\/fiu-2.jpg\" alt=\"Filme de drift gravado em SC vira disputa entre Fiuk e produtores\" width=\"1200\" height=\"953\"  \/>Fiuk rebate cr\u00edticas e exp\u00f5e bastidores de DescontroleFoto: Redes sociais\/Reprodu\u00e7\u00e3o<\/p>\n<p>A <a href=\"https:\/\/ndmais.com.br\/famosos\/fiuk-diz-ter-sido-excluido-de-velozes-e-furiosos-de-sc-e-produtor-rebate-com-criticas\/\" rel=\"nofollow noopener\" target=\"_blank\">pol\u00eamica envolvendo o filme Descontrole<\/a>, apelidado de \u201cVelozes e Furiosos de Santa Catarina\u201d, ganhou novos contornos nesta semana. O cantor e ator Fiuk publicou um v\u00eddeo em seu canal no YouTube com mais de 20 minutos de dura\u00e7\u00e3o, revelando bastidores da produ\u00e7\u00e3o e acusando antigos parceiros de tentarem \u201croubar\u201d sua ideia original. O projeto, que teve cenas gravadas em Balne\u00e1rio Cambori\u00fa, foi rebatizado como Asfalto ap\u00f3s o rompimento entre os envolvidos.<\/p>\n<p>No v\u00eddeo, Fiuk afirma que <a href=\"https:\/\/ndmais.com.br\/cinema\/velozes-e-furiosos-de-sc-veja-ate-quando-vai-gravacoes-de-filme-em-balneario-camboriu\/\" rel=\"nofollow noopener\" target=\"_blank\">o filme nasceu de um sonho pessoal<\/a> e que convidou pessoas de confian\u00e7a para participar da cria\u00e7\u00e3o. No entanto, segundo ele, essas mesmas pessoas teriam seguido com o projeto sem sua autoriza\u00e7\u00e3o, mudando o nome da obra e utilizando sua imagem e hist\u00f3ria em negocia\u00e7\u00f5es com patrocinadores.<\/p>\n<p>\u201cTentaram me roubar. Usaram meu nome, minha hist\u00f3ria, meu prop\u00f3sito, sem minha autoriza\u00e7\u00e3o. Isso d\u00e1 processo\u201d, afirma Fiuk em um dos trechos do v\u00eddeo.<\/p>\n<p><a class=\"cta-discover d-flex justify-content-between align-items-center w-100\" target=\"_blank\" rel=\"nofollow noopner noopener\" href=\"https:\/\/profile.google.com\/cp\/Cg0vZy8xMXZ5cjY4NHho\">   Fa\u00e7a como milh\u00f5es de leitores informados: siga o ND Mais no Google.  Seguir<\/a> Nova fase do Fiuk filme Descontrole: grava\u00e7\u00f5es e personagem revelado<\/p>\n<p>O v\u00eddeo traz registros de reuni\u00f5es, \u00e1udios e imagens de bastidores que, segundo Fiuk, comprovam sua participa\u00e7\u00e3o ativa na cria\u00e7\u00e3o do projeto. Ele tamb\u00e9m apresenta o personagem principal da trama, \u201cO Mascarado\u201d, que teria sido idealizado por ele e \u00e9 o protagonista do enredo de drift.<\/p>\n<p>Fiuk afirma que, mesmo com o afastamento do projeto original, pretende seguir com uma nova vers\u00e3o do filme, com equipe e produ\u00e7\u00e3o independentes. \u201cSe tentaram tanto tirar o meu sonho de mim, \u00e9 porque ele deve ser grande demais. E eu vou recome\u00e7ar quantas vezes for preciso\u201d, declara.<\/p>\n<p>O artista tamb\u00e9m rebate cr\u00edticas feitas pelo produtor Jonathan Neves (JJ), que havia acusado Fiuk de atrasos e falta de comprometimento nas grava\u00e7\u00f5es. No v\u00eddeo, o cantor apresenta trechos de reuni\u00f5es em que cobra transpar\u00eancia e formaliza\u00e7\u00e3o de contratos, al\u00e9m de questionar o uso de sua imagem em negocia\u00e7\u00f5es.<\/p>\n<p>\u201cN\u00e3o tem mais cabimento voc\u00eas fecharem nada e receberem mais um real sem eu concordar e sem eu saber o que \u00e9\u201d, diz Fiuk em um dos trechos gravados.<\/p>\n<p>Tr\u00eas filmes em paralelo e disputa por direitos<img class=\"size-full wp-image-2747330\" loading=\"lazy\" decoding=\"async\" src=\"https:\/\/www.europesays.com\/pt\/wp-content\/uploads\/2025\/12\/fiu-1.jpg\" alt=\"Fiuk promete nova vers\u00e3o de Descontrole ap\u00f3s rompimento com equipeFoto: Redes sociais\/Reprodu\u00e7\u00e3o\" width=\"1200\" height=\"865\"  \/>Fiuk promete nova vers\u00e3o de Descontrole ap\u00f3s rompimento com equipeFoto: Redes sociais\/Reprodu\u00e7\u00e3o<\/p>\n<p>Com a ruptura entre os envolvidos, tr\u00eas projetos distintos est\u00e3o em andamento: o filme Asfalto, sob dire\u00e7\u00e3o de Andr\u00e9 Luiz; o novo longa de Fiuk, ainda sem nome oficial; e um terceiro projeto encabe\u00e7ado por JJ, que j\u00e1 teria 100% do financiamento captado.<\/p>\n<p>A disputa por direitos autorais e autoria da ideia original segue sem defini\u00e7\u00e3o judicial, mas o v\u00eddeo publicado por Fiuk reacende o debate sobre propriedade intelectual no cinema nacional e os desafios de produ\u00e7\u00f5es independentes.<\/p>\n<p>A equipe de produ\u00e7\u00e3o de Asfalto ainda n\u00e3o se pronunciou oficialmente sobre o conte\u00fado divulgado por Fiuk.<\/p>\n<p><img class=\"size-large wp-image-2382431\" loading=\"lazy\" decoding=\"async\" src=\"https:\/\/www.europesays.com\/pt\/wp-content\/uploads\/2025\/12\/filme-fiuk-velozes-e-furiosos-bc-2-1300x731.jpg\" alt=\"Pol\u00eamica em SC: Fiuk mostra bastidores e cobra justi\u00e7a sobre filme DescontroleFoto: Reprodu\u00e7\u00e3o\/ND Mais\" width=\"1286\" height=\"723\"  \/>Pol\u00eamica em SC: Fiuk mostra bastidores e cobra justi\u00e7a sobre filme DescontroleFoto: Reprodu\u00e7\u00e3o\/ND Mais       <\/p>\n","protected":false},"excerpt":{"rendered":"Fiuk rebate cr\u00edticas e exp\u00f5e bastidores de DescontroleFoto: Redes sociais\/Reprodu\u00e7\u00e3o A pol\u00eamica envolvendo o filme Descontrole, apelidado de&hellip;\n","protected":false},"author":2,"featured_media":186230,"comment_status":"","ping_status":"","sticky":false,"template":"","format":"standard","meta":{"footnotes":""},"categories":[145],"tags":[3541,211,210,114,115,980,1968,2250,32,33],"class_list":{"0":"post-186229","1":"post","2":"type-post","3":"status-publish","4":"format-standard","5":"has-post-thumbnail","7":"category-celebridades","8":"tag-balnerio-cambori","9":"tag-celebridades","10":"tag-celebrities","11":"tag-entertainment","12":"tag-entretenimento","13":"tag-famosos","14":"tag-notcia","15":"tag-notcia-santa-catarina","16":"tag-portugal","17":"tag-pt"},"share_on_mastodon":{"url":"https:\/\/pubeurope.com\/@pt\/115709887576633262","error":""},"_links":{"self":[{"href":"https:\/\/www.europesays.com\/pt\/wp-json\/wp\/v2\/posts\/186229","targetHints":{"allow":["GET"]}}],"collection":[{"href":"https:\/\/www.europesays.com\/pt\/wp-json\/wp\/v2\/posts"}],"about":[{"href":"https:\/\/www.europesays.com\/pt\/wp-json\/wp\/v2\/types\/post"}],"author":[{"embeddable":true,"href":"https:\/\/www.europesays.com\/pt\/wp-json\/wp\/v2\/users\/2"}],"replies":[{"embeddable":true,"href":"https:\/\/www.europesays.com\/pt\/wp-json\/wp\/v2\/comments?post=186229"}],"version-history":[{"count":0,"href":"https:\/\/www.europesays.com\/pt\/wp-json\/wp\/v2\/posts\/186229\/revisions"}],"wp:featuredmedia":[{"embeddable":true,"href":"https:\/\/www.europesays.com\/pt\/wp-json\/wp\/v2\/media\/186230"}],"wp:attachment":[{"href":"https:\/\/www.europesays.com\/pt\/wp-json\/wp\/v2\/media?parent=186229"}],"wp:term":[{"taxonomy":"category","embeddable":true,"href":"https:\/\/www.europesays.com\/pt\/wp-json\/wp\/v2\/categories?post=186229"},{"taxonomy":"post_tag","embeddable":true,"href":"https:\/\/www.europesays.com\/pt\/wp-json\/wp\/v2\/tags?post=186229"}],"curies":[{"name":"wp","href":"https:\/\/api.w.org\/{rel}","templated":true}]}}