{"id":186234,"date":"2025-12-13T02:29:09","date_gmt":"2025-12-13T02:29:09","guid":{"rendered":"https:\/\/www.europesays.com\/pt\/186234\/"},"modified":"2025-12-13T02:29:09","modified_gmt":"2025-12-13T02:29:09","slug":"catarina-alves-costa-tentei-pensar-o-que-e-a-musica-do-pantera","status":"publish","type":"post","link":"https:\/\/www.europesays.com\/pt\/186234\/","title":{"rendered":"Catarina Alves Costa: &#8220;Tentei pensar o que \u00e9 a m\u00fasica do Pantera&#8221;"},"content":{"rendered":"<p data-remotead-prev-elm=\"true\" data-remotead-elm-id=\"inread\"><strong>No gen\u00e9rico do filme l\u00ea-se que o projeto foi lan\u00e7ado pela Darlene Pantera, a filha do Orlando Pantera. Como \u00e9 que lhe chegou \u00e0s m\u00e3os?<\/strong><\/p>\n<p>Eu tinha muito material filmado com o Orlando Pantera em 2000. Estava a fazer outro filme em Cabo Verde, conheci-o e acab\u00e1mos por fazer v\u00e1rios registos, n\u00e3o s\u00f3 da m\u00fasica como da vida dele. Esse material ficou guardado estes anos todos, mas sempre com vontade de fazer um filme. Mas custava-me, porque aquela pessoa j\u00e1 n\u00e3o estava c\u00e1. N\u00e3o sabia muito bem como lidar com isso. A Darlene tinha seis anos quando o pai morreu, mas cresceu, e foi ela que veio ter comigo para se fazer qualquer coisa sobre o pai.<\/p>\n","protected":false},"excerpt":{"rendered":"No gen\u00e9rico do filme l\u00ea-se que o projeto foi lan\u00e7ado pela Darlene Pantera, a filha do Orlando Pantera.&hellip;\n","protected":false},"author":2,"featured_media":186235,"comment_status":"","ping_status":"","sticky":false,"template":"","format":"standard","meta":{"footnotes":""},"categories":[140],"tags":[1753,470,1414,114,115,147,148,146,32,33],"class_list":{"0":"post-186234","1":"post","2":"type-post","3":"status-publish","4":"format-standard","5":"has-post-thumbnail","7":"category-filmes","8":"tag-artes","9":"tag-cinema","10":"tag-documentario","11":"tag-entertainment","12":"tag-entretenimento","13":"tag-film","14":"tag-filmes","15":"tag-movies","16":"tag-portugal","17":"tag-pt"},"share_on_mastodon":{"url":"https:\/\/pubeurope.com\/@pt\/115709907082473841","error":""},"_links":{"self":[{"href":"https:\/\/www.europesays.com\/pt\/wp-json\/wp\/v2\/posts\/186234","targetHints":{"allow":["GET"]}}],"collection":[{"href":"https:\/\/www.europesays.com\/pt\/wp-json\/wp\/v2\/posts"}],"about":[{"href":"https:\/\/www.europesays.com\/pt\/wp-json\/wp\/v2\/types\/post"}],"author":[{"embeddable":true,"href":"https:\/\/www.europesays.com\/pt\/wp-json\/wp\/v2\/users\/2"}],"replies":[{"embeddable":true,"href":"https:\/\/www.europesays.com\/pt\/wp-json\/wp\/v2\/comments?post=186234"}],"version-history":[{"count":0,"href":"https:\/\/www.europesays.com\/pt\/wp-json\/wp\/v2\/posts\/186234\/revisions"}],"wp:featuredmedia":[{"embeddable":true,"href":"https:\/\/www.europesays.com\/pt\/wp-json\/wp\/v2\/media\/186235"}],"wp:attachment":[{"href":"https:\/\/www.europesays.com\/pt\/wp-json\/wp\/v2\/media?parent=186234"}],"wp:term":[{"taxonomy":"category","embeddable":true,"href":"https:\/\/www.europesays.com\/pt\/wp-json\/wp\/v2\/categories?post=186234"},{"taxonomy":"post_tag","embeddable":true,"href":"https:\/\/www.europesays.com\/pt\/wp-json\/wp\/v2\/tags?post=186234"}],"curies":[{"name":"wp","href":"https:\/\/api.w.org\/{rel}","templated":true}]}}