{"id":186240,"date":"2025-12-13T02:36:33","date_gmt":"2025-12-13T02:36:33","guid":{"rendered":"https:\/\/www.europesays.com\/pt\/186240\/"},"modified":"2025-12-13T02:36:33","modified_gmt":"2025-12-13T02:36:33","slug":"mortalidade-20-mais-elevada-que-no-ano-passado-observador","status":"publish","type":"post","link":"https:\/\/www.europesays.com\/pt\/186240\/","title":{"rendered":"Mortalidade 20% mais elevada que no ano passado \u2013 Observador"},"content":{"rendered":"<p>A mortalidade registada em Portugal nos primeiros dez dias do m\u00eas de dezembro foi cerca de 18% mais elevada que no mesmo per\u00edodo de 2024, segundo os dados do <a href=\"https:\/\/evm.min-saude.pt\/#shiny-tab-a_total\" rel=\"nofollow noopener\" target=\"_blank\">portal de vigil\u00e2ncia da mortalidade<\/a> da Dire\u00e7\u00e3o-geral da Sa\u00fade (DGS). Entre 1 e 10 de dezembro, quando a ministra da Sa\u00fade j\u00e1 reconhecia o impacto de um in\u00edcio precoce da \u00e9poca gripal, morreram <strong>3.792<\/strong> pessoas, quase mais 600 pessoas do que no per\u00edodo hom\u00f3logo \u2014 quando se registaram <strong>3.209<\/strong> \u00f3bitos.<\/p>\n<p>A mortalidade registada neste per\u00edodo \u00e9 mesmo a mais elevada dos \u00faltimos doze anos, se forem exclu\u00eddos os anos da pandemia de Covid-19. Em 2020, nos primeiros dez dias de dezembro, morreram 4.142 pessoas; em 2021, no mesmo per\u00edodo, foram registados 3.869 mortes e, no ano seguinte, 3.985 \u00f3bitos.<\/p>\n<p>Precisamente nesse per\u00edodo, a 8 de dezembro, a <a href=\"https:\/\/cnnportugal.iol.pt\/ministra-da-saude\/gripe\/ministra-da-saude-alerta-para-novo-subtipo-do-virus-da-gripe-com-potencial-para-impacto-maior-na-populacao\/20251208\/69371b4bd34e3caad84c24fa\" rel=\"nofollow noopener\" target=\"_blank\">ministra da Sa\u00fade alertava<\/a> para as oito semanas seguintes, que seriam \u201cparticularmente exigentes\u201d para os servi\u00e7os de sa\u00fade: \u201cOs dados mais recentes mostram uma atividade gripal crescente nas \u00faltimas semanas, j\u00e1 com impacto vis\u00edvel nas nossas unidades de sa\u00fade. Este impacto ser\u00e1 mais intenso nas pr\u00f3ximas semanas\u201d, antecipava Ana Paula Martins. A explica\u00e7\u00e3o para o cen\u00e1rio que se antecipava residia, para a ministra, numa chegada precoce da \u00e9poca gripal. \u201cEmbora seja um fen\u00f3meno habitual todos os anos, este ano a gripe est\u00e1 a surgir mais cedo e com potencial para um impacto maior do que em \u00e9pocas anteriores.\u201d<\/p>\n<p>O valor da mortalidade de 2025, no in\u00edcio de dezembro, \u00e9 superior ao de qualquer um dos outros anos desde 2014, se exclu\u00eddos estes tr\u00eas anos \u2014 em que o impacto dos quadros de doen\u00e7a respirat\u00f3ria decorrentes da Covid-19 se fez sentir de forma particularmente significativa.<\/p>\n<p>O valor de 3.792 \u00f3bitos registados nos primeiros dez dias de 2025 <strong>\u00e9 18% superior ao de 2024 (3.209 mortes),<\/strong> 9% superior ao valor de 2023 (3.489 mortes), 23% superior ao valor de 2019 (3.094 mortes) e 29% superior ao valor registado em 2015 (2.936 \u00f3bitos).<\/p>\n<p>Ao Observador, o presidente da Associa\u00e7\u00e3o Nacional dos M\u00e9dicos de Sa\u00fade P\u00fablica (ANMSP) sublinha que os dados indicam que o pa\u00eds j\u00e1 atravessa uma situa\u00e7\u00e3o de excesso de mortalidade. \u201cObjetivamente, estamos a ter um in\u00edcio de dezembro mais dif\u00edcil. E <strong>temos j\u00e1 um sinal de excesso de mortalidade<\/strong>\u201c, diz Bernardo Gomes, acrescentando que o fen\u00f3meno est\u00e1 a atingir de forma mais intensa os grupos et\u00e1rios mais velhos, nomeadamente os maiores de 75 anos.<\/p>\n<blockquote class=\"wp-embedded-content\" data-secret=\"yuIiObimH0\">\n<p><a href=\"https:\/\/observador.pt\/especiais\/a-nova-estirpe-k-vacinacao-a-descer-nalguns-grupos-e-a-pressao-sobre-o-sns-cinco-respostas-sobre-a-gripe-que-pode-chegar-mais-cedo\/\" rel=\"nofollow noopener\" target=\"_blank\">Explicador. A nova estirpe K, vacina\u00e7\u00e3o a descer nalguns grupos e press\u00e3o sobre o SNS. A gripe pode chegar mais cedo e este ano vem forte<\/a><\/p>\n<\/blockquote>\n<p>\u201cH\u00e1 um excesso de mortalidade de 5 a 7 de dezembro (em rela\u00e7\u00e3o \u00e0 m\u00e9dia dos anos anteriores). E <strong>nota-se um per\u00edodo prolongado de excesso de mortalidade nos maiores de 85 anos<\/strong> entre 6 e 10 de dezembro. Temos tamb\u00e9m um per\u00edodo prolongado de mortalidade em excesso nos maiores de 75 anos\u201d, refere o presidente da ANMSP, que lamenta que o pa\u00eds esteja a \u201cperder uma fra\u00e7\u00e3o dos nossos vulner\u00e1veis\u201d.<\/p>\n<p>O especialista justifica o aumento significativo da mortalidade nos primeiro dez dias de dezembro, em rela\u00e7\u00e3o \u00e0 m\u00e9dia dos anos anteriores, com o in\u00edcio mais precoce da circula\u00e7\u00e3o do v\u00edrus da gripe. \u201cO que muda mais este ano \u00e9 a<strong> antecipa\u00e7\u00e3o do in\u00edcio epid\u00e9mico da atividade gripal<\/strong>, que pode estar a ter impacto\u201d, diz Bernardo Gomes, que aponta tamb\u00e9m que o frio e o envelhecimento da popula\u00e7\u00e3o \u2014 que s\u00e3o causas de car\u00e1ter mais estrutural \u2014 est\u00e3o a contribuir para o aumento da mortalidade.<\/p>\n<p>\u201c\u00c9 um aumento que tem de ser enquadrado em tr\u00eas fatores: envelhecimento, mudan\u00e7a de temperaturas e frio, que se fez sentir pela primeira vez de forma mais marcada, e o que muda mais \u00e9 a antecipa\u00e7\u00e3o do in\u00edcio epid\u00e9mico da atividade gripal. A estirpe nova pode ter algum impacto, ainda n\u00e3o \u00e9 a predominante\u201d, refere o m\u00e9dico. Questionado sobre se o SNS est\u00e1 a dar uma boa resposta nesta fase, Bernardo Gomes sublinha que os indicadores apontam para dificuldades de resposta.<\/p>\n<p>\u201cH\u00e1 indicadores indiretos, em termos de tempos de espera e capacidade de internamento. Tivemos dificuldades nos \u00faltimos tempos, sobretudo em Lisboa e Vale do Tejo, em hospitais j\u00e1 com vulnerabilidades. H\u00e1 um esfor\u00e7o para as Unidades Locais de Sa\u00fade implementarem planos de conting\u00eancia, mas a capacidade de adapta\u00e7\u00e3o tamb\u00e9m depende dos recursos\u201d, refere o presidente da Associa\u00e7\u00e3o Nacional dos M\u00e9dicos de Sa\u00fade P\u00fablica.<\/p>\n<p>O Observador questionou a DGS sobre a an\u00e1lise que faz dos dados relativos \u00e0 mortalidade e sobre o que justifica o aumento da mortalidade no in\u00edcio de dezembro em rela\u00e7\u00e3o a anos anteriores, mas n\u00e3o obteve resposta.<\/p>\n<p>Segundo o mais recente <a href=\"https:\/\/www.insa.min-saude.pt\/wp-content\/uploads\/2025\/12\/S49_2025.pdf\" rel=\"nofollow noopener\" target=\"_blank\">relat\u00f3rio<\/a> do Instituto Nacional de Sa\u00fade Doutor Ricardo Jorge (INSA), divulgado esta sexta-feira, na semana de 1 a 7 de dezembro foram admitidos 97 casos de infe\u00e7\u00e3o respirat\u00f3ria aguda grave nas ULS que reportaram dados. \u201cObservou-se um aumento na taxa de incid\u00eancia em compara\u00e7\u00e3o com as semanas anteriores, sendo que a taxa de incid\u00eancia de SARI registada nesta semana atingiu 12,5 casos por 100 mil habitantes\u201d, mantendo-se a taxa de incid\u00eancia mais elevada no grupo et\u00e1rio com 65 ou mais anos, refere o INSA.<\/p>\n<p>A Rede Portuguesa de Laborat\u00f3rios para o Diagn\u00f3stico da Gripe e Outros V\u00edrus Respirat\u00f3rios detetou, na semana passada, <strong>1.164 casos positivos<\/strong> para o v\u00edrus da gripe, dos quais 1.163 do tipo A e 1 do tipo B \u2014 o que representa um aumento de 64% do n\u00famero de casos em rela\u00e7\u00e3o \u00e0 semana passada.<\/p>\n<p>Segundo os dados, foram reportados quatro casos de gripe pelas 18 Unidades de Cuidados Intensivos (UCI) que enviaram informa\u00e7\u00e3o, menos seis casos face \u00e0 semana anterior.<\/p>\n<p>O INSA refere que a mortalidade por todas as causas est\u00e1 com valores de acordo com o esperado em Portugal. \u201cNo entanto, foram identificados excessos de mortalidade na semana em an\u00e1lise em Portugal Continental, regi\u00e3o Norte e no grupo et\u00e1rio entre os 75 e os 84 anos\u201d, refere o relat\u00f3rio.<\/p>\n","protected":false},"excerpt":{"rendered":"A mortalidade registada em Portugal nos primeiros dez dias do m\u00eas de dezembro foi cerca de 18% mais&hellip;\n","protected":false},"author":2,"featured_media":186241,"comment_status":"","ping_status":"","sticky":false,"template":"","format":"standard","meta":{"footnotes":"","_share_on_mastodon":"0"},"categories":[10],"tags":[27,28,15,16,1418,14,2648,25,26,21,22,12262,12,13,19,20,32,23,24,33,2946,58,17,18,29,30,31],"class_list":["post-186240","post","type-post","status-publish","format-standard","has-post-thumbnail","category-portugal","tag-breaking-news","tag-breakingnews","tag-featured-news","tag-featurednews","tag-gripe","tag-headlines","tag-hospitais","tag-latest-news","tag-latestnews","tag-main-news","tag-mainnews","tag-mortalidade","tag-news","tag-noticias","tag-noticias-principais","tag-noticiasprincipais","tag-portugal","tag-principais-noticias","tag-principaisnoticias","tag-pt","tag-sau00fade","tag-sociedade","tag-top-stories","tag-topstories","tag-ultimas","tag-ultimas-noticias","tag-ultimasnoticias"],"share_on_mastodon":{"url":"https:\/\/pubeurope.com\/@pt\/115709934459007684","error":""},"_links":{"self":[{"href":"https:\/\/www.europesays.com\/pt\/wp-json\/wp\/v2\/posts\/186240","targetHints":{"allow":["GET"]}}],"collection":[{"href":"https:\/\/www.europesays.com\/pt\/wp-json\/wp\/v2\/posts"}],"about":[{"href":"https:\/\/www.europesays.com\/pt\/wp-json\/wp\/v2\/types\/post"}],"author":[{"embeddable":true,"href":"https:\/\/www.europesays.com\/pt\/wp-json\/wp\/v2\/users\/2"}],"replies":[{"embeddable":true,"href":"https:\/\/www.europesays.com\/pt\/wp-json\/wp\/v2\/comments?post=186240"}],"version-history":[{"count":0,"href":"https:\/\/www.europesays.com\/pt\/wp-json\/wp\/v2\/posts\/186240\/revisions"}],"wp:featuredmedia":[{"embeddable":true,"href":"https:\/\/www.europesays.com\/pt\/wp-json\/wp\/v2\/media\/186241"}],"wp:attachment":[{"href":"https:\/\/www.europesays.com\/pt\/wp-json\/wp\/v2\/media?parent=186240"}],"wp:term":[{"taxonomy":"category","embeddable":true,"href":"https:\/\/www.europesays.com\/pt\/wp-json\/wp\/v2\/categories?post=186240"},{"taxonomy":"post_tag","embeddable":true,"href":"https:\/\/www.europesays.com\/pt\/wp-json\/wp\/v2\/tags?post=186240"}],"curies":[{"name":"wp","href":"https:\/\/api.w.org\/{rel}","templated":true}]}}