{"id":186242,"date":"2025-12-13T02:38:22","date_gmt":"2025-12-13T02:38:22","guid":{"rendered":"https:\/\/www.europesays.com\/pt\/186242\/"},"modified":"2025-12-13T02:38:22","modified_gmt":"2025-12-13T02:38:22","slug":"neymar-curte-ferias-ao-lado-de-bruna-biancardi-e-amigos","status":"publish","type":"post","link":"https:\/\/www.europesays.com\/pt\/186242\/","title":{"rendered":"Neymar curte f\u00e9rias ao lado de Bruna Biancardi e amigos"},"content":{"rendered":"<p class=\"w-full text-lg font-krub text-gray-500 leading-30\">Com o fim do<strong class=\"font-bold\"> Campeonato Brasileiro<\/strong>, o jogador<strong class=\"font-bold\"> Neymar<\/strong>, do <strong class=\"font-bold\"><a href=\"https:\/\/www.lance.com.br\/santos\" class=\"font-bold break-normal hover:underline\" style=\"color:var(--green-lance)\" rel=\"nofollow noopener\" target=\"_blank\">Santos<\/a><\/strong>, curte per\u00edodo de f\u00e9rias ao lado da companheira Bruna Biancardi e amigos. Por meio de postagens nas redes sociais, a influenciadora divulgou imagens da viagem a Miami, nos Estados Unidos. A estadia conta com registros de passeios, compras e experi\u00eancias gastron\u00f4micas.<\/p>\n<p>continua ap\u00f3s a publicidade<\/p>\n<p class=\"w-full text-lg font-krub text-gray-500 leading-30\">\u27a1\ufe0f <strong class=\"font-bold\"><a href=\"https:\/\/www.lance.com.br\/fora-de-campo\/dublador-revela-briga-entre-coutinho-e-thiago-silva-em-vasco-x-fluminense.html\" class=\"font-bold break-normal hover:underline\" style=\"color:var(--green-lance)\" rel=\"nofollow noopener\" target=\"_blank\">Dublador revela &#8216;briga&#8217; entre Coutinho e Thiago Silva em Vasco x Fluminense<\/a><\/strong><\/p>\n<p class=\"w-full text-lg font-krub text-gray-500 leading-30\">Em uma das publica\u00e7\u00f5es nas plataformas digitais, Biancardi escreveu: &#8220;Momentos em Miami&#8221;, documentando diversos aspectos de sua perman\u00eancia na cidade da Fl\u00f3rida. Os registros mostram o casal acompanhado de amigos. Os com destaque s\u00e3o: Chris Guedes, amigo e parceiro de neg\u00f3cios de Neymar, e o jogador Nen\u00ea.<\/p>\n<p class=\"w-full text-lg font-krub text-gray-500 leading-30\">As imagens compartilhadas pela influenciadora revelam que o grupo est\u00e1 aproveitando para conhecer pontos tur\u00edsticos, realizar compras e experimentar a gastronomia local. Os amigos tamb\u00e9m participaram de uma noitada juntos, conforme mostram as fotos publicadas.<\/p>\n<p>continua ap\u00f3s a publicidade<\/p>\n<p class=\"w-full text-lg font-krub text-gray-500 leading-30\">Durante a estadia em Miami, Biancardi mant\u00e9m contato com a filha Mavie atrav\u00e9s de videochamadas. A crian\u00e7a n\u00e3o est\u00e1 presente na viagem, como mostra uma das fotos publicadas pela influenciadora.<\/p>\n<p class=\"w-full text-lg font-krub text-gray-500 leading-30\">O grupo est\u00e1 hospedado na cidade conhecida por suas praias, vida noturna e op\u00e7\u00f5es de compras. N\u00e3o h\u00e1 informa\u00e7\u00f5es sobre a dura\u00e7\u00e3o da estadia ou poss\u00edveis pr\u00f3ximos destinos do casal e seus amigos.<\/p>\n<p>continua ap\u00f3s a publicidade<\/p>\n<p class=\"w-full text-lg font-krub text-gray-500 leading-30\">\ud83d\udcf2\u00a0<strong class=\"font-bold\"><a href=\"https:\/\/whatsapp.com\/channel\/0029Va7p95rBfxoAiHM8Ob0m?utm_source=cta&amp;utm_medium=whatsappforadecampo&amp;utm_id=whatsapp\" class=\"font-bold break-normal hover:underline\" style=\"color:var(--green-lance)\" target=\"_blank\" rel=\"nofollow noopener\">Siga o Lance! Fora de Campo no WhatsApp e saiba o que rola fora das 4 linhas<\/a><\/strong><\/p>\n<p>Veja fotos da viagem de Neymar com Bruna Biancardi e amigos<\/p>\n<p><img alt=\"Neymar, Bruna Biancardi e amigos em festa na cidade de Miami, nos Estados Unidos (Foto: Reprodu\u00e7\u00e3o)\" loading=\"lazy\" width=\"850\" height=\"530\" decoding=\"async\" data-nimg=\"1\" class=\"w-full rounded-lg max-h-[auto] object-contain\" style=\"color:transparent\" src=\"https:\/\/www.europesays.com\/pt\/wp-content\/uploads\/2025\/12\/Neymar-Bruna-Biancardi-e-amigos-em-festa-na-cidade-de-Miami-nos-Estados-Unidos.png\"\/>Neymar, Bruna Biancardi e amigos em festa na cidade de Miami, nos Estados Unidos (Foto: Reprodu\u00e7\u00e3o)<img alt=\"Bruna Biancardi em chamada de v\u00eddeo com filha (Foto: Reprodu\u00e7\u00e3o)\" loading=\"lazy\" width=\"850\" height=\"530\" decoding=\"async\" data-nimg=\"1\" class=\"w-full rounded-lg max-h-[auto] object-contain\" style=\"color:transparent\" src=\"https:\/\/www.europesays.com\/pt\/wp-content\/uploads\/2025\/12\/Bruna-Biancardi-em-video-chamada-com-filha.png\"\/>Bruna Biancardi em chamada de v\u00eddeo com filha (Foto: Reprodu\u00e7\u00e3o)<img alt=\"Bruna Biancardi compartilhou imagens de jantar em viagem a Miami (foto: Reprodu\u00e7\u00e3o)\" loading=\"lazy\" width=\"850\" height=\"530\" decoding=\"async\" data-nimg=\"1\" class=\"w-full rounded-lg max-h-[auto] object-contain\" style=\"color:transparent\" src=\"https:\/\/www.europesays.com\/pt\/wp-content\/uploads\/2025\/12\/Bruna-Biancardi-compartilhou-imagens-de-jantar-em-viagem-a-Miami.png\"\/>Bruna Biancardi compartilhou imagens de jantar em viagem a Miami (foto: Reprodu\u00e7\u00e3o)<\/p>\n","protected":false},"excerpt":{"rendered":"Com o fim do Campeonato Brasileiro, o jogador Neymar, do Santos, curte per\u00edodo de f\u00e9rias ao lado da&hellip;\n","protected":false},"author":2,"featured_media":186243,"comment_status":"","ping_status":"","sticky":false,"template":"","format":"standard","meta":{"footnotes":""},"categories":[145],"tags":[211,210,114,115,12579,1996,32,33,7982],"class_list":{"0":"post-186242","1":"post","2":"type-post","3":"status-publish","4":"format-standard","5":"has-post-thumbnail","7":"category-celebridades","8":"tag-celebridades","9":"tag-celebrities","10":"tag-entertainment","11":"tag-entretenimento","12":"tag-fora-de-campo","13":"tag-neymar","14":"tag-portugal","15":"tag-pt","16":"tag-santos"},"share_on_mastodon":{"url":"https:\/\/pubeurope.com\/@pt\/115709943014689352","error":""},"_links":{"self":[{"href":"https:\/\/www.europesays.com\/pt\/wp-json\/wp\/v2\/posts\/186242","targetHints":{"allow":["GET"]}}],"collection":[{"href":"https:\/\/www.europesays.com\/pt\/wp-json\/wp\/v2\/posts"}],"about":[{"href":"https:\/\/www.europesays.com\/pt\/wp-json\/wp\/v2\/types\/post"}],"author":[{"embeddable":true,"href":"https:\/\/www.europesays.com\/pt\/wp-json\/wp\/v2\/users\/2"}],"replies":[{"embeddable":true,"href":"https:\/\/www.europesays.com\/pt\/wp-json\/wp\/v2\/comments?post=186242"}],"version-history":[{"count":0,"href":"https:\/\/www.europesays.com\/pt\/wp-json\/wp\/v2\/posts\/186242\/revisions"}],"wp:featuredmedia":[{"embeddable":true,"href":"https:\/\/www.europesays.com\/pt\/wp-json\/wp\/v2\/media\/186243"}],"wp:attachment":[{"href":"https:\/\/www.europesays.com\/pt\/wp-json\/wp\/v2\/media?parent=186242"}],"wp:term":[{"taxonomy":"category","embeddable":true,"href":"https:\/\/www.europesays.com\/pt\/wp-json\/wp\/v2\/categories?post=186242"},{"taxonomy":"post_tag","embeddable":true,"href":"https:\/\/www.europesays.com\/pt\/wp-json\/wp\/v2\/tags?post=186242"}],"curies":[{"name":"wp","href":"https:\/\/api.w.org\/{rel}","templated":true}]}}