{"id":186251,"date":"2025-12-13T02:45:27","date_gmt":"2025-12-13T02:45:27","guid":{"rendered":"https:\/\/www.europesays.com\/pt\/186251\/"},"modified":"2025-12-13T02:45:27","modified_gmt":"2025-12-13T02:45:27","slug":"sabado-13-e-dia-de-vacinacao-no-df","status":"publish","type":"post","link":"https:\/\/www.europesays.com\/pt\/186251\/","title":{"rendered":"S\u00e1bado (13) \u00e9 dia de vacina\u00e7\u00e3o no DF"},"content":{"rendered":"<p>Atendimento ser\u00e1 voltado a beb\u00eas, crian\u00e7as, adolescentes, adultos e idosos, de acordo com o estabelecido pelo calend\u00e1rio de rotina e grupos priorit\u00e1rios<\/p>\n<p>Os moradores do Distrito Federal poder\u00e3o se vacinar contra a dengue, covid-19, gripe e outras doen\u00e7as neste s\u00e1bado (13). Em <a href=\"https:\/\/www.saude.df.gov.br\/locaisdevacinacao\" rel=\"noopener nofollow\" target=\"_blank\">52 locais de atendimento<\/a>, equipes da Secretaria de Sa\u00fade (SES-DF) estar\u00e3o prontas para aplicar doses em todas as pessoas a partir dos seis meses de idade, de acordo com o indicado para cada faixa et\u00e1ria e grupos priorit\u00e1rios.\u00a0<br \/>\u00a0<\/p>\n<p>        <img loading=\"lazy\" decoding=\"async\" alt=\"\" height=\"512\" src=\"https:\/\/www.europesays.com\/pt\/wp-content\/uploads\/2025\/12\/3a4bb1b7-b8c1-0064-94f4-c0582065b262\" style=\"margin: 0px;\" width=\"768\"\/> <\/p>\n<p>         Mulheres a partir da 28\u00aa semana de gesta\u00e7\u00e3o, sem restri\u00e7\u00e3o de idade, poder\u00e3o receber a dose contra o v\u00edrus sincicial respirat\u00f3rio (VSR). Foto: Sandro Ara\u00fajo\/Ag\u00eancia Sa\u00fade DF<\/p>\n<p>A orienta\u00e7\u00e3o \u00e9 levar documento de identidade e, se poss\u00edvel, a caderneta de imuniza\u00e7\u00e3o. \u00c9 importante acessar o site da pasta para conferir endere\u00e7o, hor\u00e1rio de atendimento e quais vacinas est\u00e3o dispon\u00edveis, conforme o <a href=\"https:\/\/www.saude.df.gov.br\/documents\/37101\/0\/Calend%C3%A1rio+de+Vacina%C3%A7%C3%A3o+de+Rotina+2024+DF+%282%29.pdf\/9c85f403-04da-509e-c3cf-09568405c1db?t=1714497775108\" rel=\"noopener nofollow\" target=\"_blank\">Calend\u00e1rio de Vacina\u00e7\u00e3o<\/a>. Mulheres a partir da 28\u00aa semana de gesta\u00e7\u00e3o, sem restri\u00e7\u00e3o de idade, poder\u00e3o receber a vacina contra o v\u00edrus sincicial respirat\u00f3rio (VSR).<\/p>\n<p>Entre os pontos de atendimento est\u00e1 o evento &#8220;GDF Mais Perto do Cidad\u00e3o&#8221;, que, na manh\u00e3 de s\u00e1bado, ocorre no estacionamento do gin\u00e1sio Cave, no Guar\u00e1. Tamb\u00e9m haver\u00e1 a\u00e7\u00f5es especiais no Sol Nascente e na agrovila Caf\u00e9 Sem Troco, localizada na zona rural do Parano\u00e1. Os demais pontos s\u00e3o Unidades B\u00e1sicas de Sa\u00fade (UBSs) em 19 Regi\u00f5es Administrativas diferentes.<\/p>\n","protected":false},"excerpt":{"rendered":"Atendimento ser\u00e1 voltado a beb\u00eas, crian\u00e7as, adolescentes, adultos e idosos, de acordo com o estabelecido pelo calend\u00e1rio de&hellip;\n","protected":false},"author":2,"featured_media":186252,"comment_status":"","ping_status":"","sticky":false,"template":"","format":"standard","meta":{"footnotes":""},"categories":[86],"tags":[3980,1661,116,3130,37837,1133,37836,32,33,117,4086,1333,37741,18256,2820],"class_list":{"0":"post-186251","1":"post","2":"type-post","3":"status-publish","4":"format-standard","5":"has-post-thumbnail","7":"category-saude","8":"tag-3980","9":"tag-destaque","10":"tag-health","11":"tag-imunizacao","12":"tag-locais-de-vacinacao","13":"tag-noticia","14":"tag-pontos-de-vacinacao","15":"tag-portugal","16":"tag-pt","17":"tag-saude","18":"tag-secretaria-de-saude","19":"tag-vacina","20":"tag-vacina-gestantes","21":"tag-vacina-vsr","22":"tag-vacinacao"},"share_on_mastodon":{"url":"https:\/\/pubeurope.com\/@pt\/115709970086832180","error":""},"_links":{"self":[{"href":"https:\/\/www.europesays.com\/pt\/wp-json\/wp\/v2\/posts\/186251","targetHints":{"allow":["GET"]}}],"collection":[{"href":"https:\/\/www.europesays.com\/pt\/wp-json\/wp\/v2\/posts"}],"about":[{"href":"https:\/\/www.europesays.com\/pt\/wp-json\/wp\/v2\/types\/post"}],"author":[{"embeddable":true,"href":"https:\/\/www.europesays.com\/pt\/wp-json\/wp\/v2\/users\/2"}],"replies":[{"embeddable":true,"href":"https:\/\/www.europesays.com\/pt\/wp-json\/wp\/v2\/comments?post=186251"}],"version-history":[{"count":0,"href":"https:\/\/www.europesays.com\/pt\/wp-json\/wp\/v2\/posts\/186251\/revisions"}],"wp:featuredmedia":[{"embeddable":true,"href":"https:\/\/www.europesays.com\/pt\/wp-json\/wp\/v2\/media\/186252"}],"wp:attachment":[{"href":"https:\/\/www.europesays.com\/pt\/wp-json\/wp\/v2\/media?parent=186251"}],"wp:term":[{"taxonomy":"category","embeddable":true,"href":"https:\/\/www.europesays.com\/pt\/wp-json\/wp\/v2\/categories?post=186251"},{"taxonomy":"post_tag","embeddable":true,"href":"https:\/\/www.europesays.com\/pt\/wp-json\/wp\/v2\/tags?post=186251"}],"curies":[{"name":"wp","href":"https:\/\/api.w.org\/{rel}","templated":true}]}}