{"id":186257,"date":"2025-12-13T03:00:17","date_gmt":"2025-12-13T03:00:17","guid":{"rendered":"https:\/\/www.europesays.com\/pt\/186257\/"},"modified":"2025-12-13T03:00:17","modified_gmt":"2025-12-13T03:00:17","slug":"o-melhor-filme-de-liam-neeson-dos-ultimos-anos-chega-pela-primeira-vez-no-streaming-assista-agora-se-ainda-nao-viu-noticias-de-cinema","status":"publish","type":"post","link":"https:\/\/www.europesays.com\/pt\/186257\/","title":{"rendered":"O melhor filme de Liam Neeson dos \u00faltimos anos chega pela primeira vez no streaming \u2013 assista agora se ainda n\u00e3o viu! &#8211; Not\u00edcias de cinema"},"content":{"rendered":"<p>Um dos melhores filmes de com\u00e9dia de 2025, reboot abre caminhos para franquia ic\u00f4nica dos anos 2000: Todo Mundo em P\u00e2nico.<\/p>\n<p class=\"bo-p\">A competi\u00e7\u00e3o entre Netflix, Prime Video, Disney+, HBO Max e demais servi\u00e7os de streaming est\u00e1 cada vez mais acirrada \u2013 e eles est\u00e3o preparando alguns destaques exclusivos que definitivamente valem a pena conferir. Entre eles est\u00e1 uma produ\u00e7\u00e3o de 2025, talvez uma das melhores entradas de com\u00e9dia da temporada, com <a href=\"https:\/\/www.adorocinema.com\/personalidades\/personalidade-5568\/\" class=\"bo-link\" rel=\"nofollow noopener\" target=\"_blank\">Liam Neeson<\/a> no papel principal. Estamos falando da nova vers\u00e3o de <a href=\"https:\/\/www.adorocinema.com\/filmes\/filme-225885\/\" class=\"bo-link\" rel=\"nofollow noopener\" target=\"_blank\">Corra que a Pol\u00edcia Vem A\u00ed<\/a>.<\/p>\n<p>A guerra acirrada de fim de ano entre os streamings<\/p>\n<p class=\"bo-p\">Os grandes players do mundo do streaming est\u00e3o enfrentando uma concorr\u00eancia cada vez maior. Nesta semana, por exemplo, foi lan\u00e7ada a nov\u00edssima Letterboxd Video Store, onde os operadores da popular plataforma de cr\u00edticas de filmes pretendem oferecer t\u00edtulos que n\u00e3o est\u00e3o dispon\u00edveis em nenhum outro lugar \u2013 ou que ainda n\u00e3o t\u00eam distribuidora. Mas o servi\u00e7o de assinatura Paramount+, relativamente novo entre os demais, tamb\u00e9m est\u00e1 cada vez mais defendendo as vantagens do seu servi\u00e7o. <\/p>\n<p class=\"bo-p\">O Paramount+ acaba de anunciar seus novos filmes e s\u00e9ries que chegar\u00e3o ao cat\u00e1logo entre dezembro de 2025 e janeiro de 2026 \u2013 e confirmou um ou dois destaques imperd\u00edveis. <\/p>\n<p>A nova vers\u00e3o de Corra Que a Pol\u00edcia Vem A\u00ed chega ao streaming<\/p>\n<p>                                <img loading=\"lazy\" decoding=\"async\" class=\"article-figure-img\" src=\"https:\/\/www.europesays.com\/pt\/wp-content\/uploads\/2025\/12\/8dcd9472ceb136828647834bef0c0f05.jpg\" width=\"640\" height=\"320\" alt=\"\"\/><\/p>\n<p>                                    Paramount Pictures<\/p>\n<p>    <a class=\"cms-see-also\" data-title=\"Link relacionado\" href=\"https:\/\/www.adorocinema.com\/noticias\/filmes\/noticia-1000161003\/\" rel=\"nofollow noopener\" target=\"_blank\">Por que o novo Corra Que a Pol\u00edcia Vem A\u00ed \u00e9 a garantia de que Todo Mundo em P\u00e2nico 6 pode ser excelente?<\/a><\/p>\n<p class=\"bo-p\">Para todos aqueles que ainda n\u00e3o se atreveram a assistir ao reboot de Corra que a Pol\u00edcia Vem A\u00ed, esta \u00e9 a oportunidade perfeita para finalmente deixar de lado seu ceticismo, bastante fundamentado, e dar uma chance ao longa. <\/p>\n<p class=\"bo-p\">Para mim, as trapalhadas ca\u00f3ticas de Frank Drebin Jr. n\u00e3o s\u00e3o apenas uma sequ\u00eancia digna no esp\u00edrito dos cl\u00e1ssicos de <a href=\"https:\/\/www.adorocinema.com\/personalidades\/personalidade-10741\/\" class=\"bo-link\" rel=\"nofollow noopener\" target=\"_blank\">Leslie Nielsen<\/a>, mas tamb\u00e9m o filme mais engra\u00e7ado dos \u00faltimos anos. E o melhor de Liam Neeson em muito tempo! O irland\u00eas tira sarro, de forma maravilhosa e autodepreciativa, da sua imagem de ex\u00e9rcito de um homem s\u00f3, lembrando-nos mais uma vez do seu talento c\u00f4mico. A com\u00e9dia boba est\u00e1 viva e bem!<\/p>\n<p>Qual \u00e9 a hist\u00f3ria do novo Corra Que a Pol\u00edcia Vem A\u00ed?<\/p>\n<p>                                <img loading=\"lazy\" decoding=\"async\" class=\"article-figure-img\" src=\"https:\/\/www.europesays.com\/pt\/wp-content\/uploads\/2025\/12\/cdb32d87cf261c35fea9410af5938664.jpg\" width=\"640\" height=\"320\" alt=\"\"\/><\/p>\n<p>                                    Paramount Pictures<\/p>\n<p class=\"bo-p\">Corra que a Pol\u00edcia Vem A\u00ed! acompanha o herdeiro do c\u00f4mico e lend\u00e1rio Tenente Frank Drebin. Seguindo os mesmos passos de seu falecido pai, Frank Drebin Jr. (Neeson) entra para a corpora\u00e7\u00e3o e, com seu jeito tamb\u00e9m bastante peculiar, tem a miss\u00e3o de comandar a divis\u00e3o de elite da pol\u00edcia de Los Angeles. Ao lado de seu parceiro Capit\u00e3o Ed Hocken Jr., Debrin Jr.\u00e9 sugado por uma trama de conspira\u00e7\u00e3o sem sentido envolvendo um assalto a banco comandado pelo criminoso Sig Gustafson (<a href=\"https:\/\/www.adorocinema.com\/personalidades\/personalidade-104909\/\" class=\"bo-link\" rel=\"nofollow noopener\" target=\"_blank\">Kevin Durand<\/a>), um cad\u00e1ver de um aparente suic\u00eddio e um bilion\u00e1rio sinistro dono de uma empresa de carros el\u00e9tricos. <\/p>\n<p class=\"bo-p\">No meio da investiga\u00e7\u00e3o, Debrin Jr. acaba mergulhando num compl\u00f4 que parece amea\u00e7ar toda a cidade com bombas. Preparado para causar mais problemas e destrui\u00e7\u00e3o do que o pr\u00f3prio plano mal\u00e9fico dos bandidos, o policial desajeitado n\u00e3o medir\u00e1 esfor\u00e7os para provar seu valor e tentar salvar o dia. Afinal, apenas Frank Debrin Jr. tem as habilidades necess\u00e1rias para liderar o Esquadr\u00e3o de Pol\u00edcia.<\/p>\n<p>    <a class=\"cms-see-also\" data-title=\"Link relacionado\" href=\"https:\/\/www.adorocinema.com\/noticias\/filmes\/noticia-1000165091\/\" rel=\"nofollow noopener\" target=\"_blank\">Hoje no streaming: Neste suspense de a\u00e7\u00e3o, Nicolas Cage segue os passos de Liam Neeson!<\/a><\/p>\n<p class=\"bo-p\">Corra Que a Pol\u00edcia Vem A\u00ed chega ao Paramount+ em 17 de dezembro.<\/p>\n","protected":false},"excerpt":{"rendered":"Um dos melhores filmes de com\u00e9dia de 2025, reboot abre caminhos para franquia ic\u00f4nica dos anos 2000: Todo&hellip;\n","protected":false},"author":2,"featured_media":186258,"comment_status":"","ping_status":"","sticky":false,"template":"","format":"standard","meta":{"footnotes":""},"categories":[140],"tags":[114,115,147,148,146,32,33],"class_list":{"0":"post-186257","1":"post","2":"type-post","3":"status-publish","4":"format-standard","5":"has-post-thumbnail","7":"category-filmes","8":"tag-entertainment","9":"tag-entretenimento","10":"tag-film","11":"tag-filmes","12":"tag-movies","13":"tag-portugal","14":"tag-pt"},"share_on_mastodon":{"url":"https:\/\/pubeurope.com\/@pt\/115710029274950589","error":""},"_links":{"self":[{"href":"https:\/\/www.europesays.com\/pt\/wp-json\/wp\/v2\/posts\/186257","targetHints":{"allow":["GET"]}}],"collection":[{"href":"https:\/\/www.europesays.com\/pt\/wp-json\/wp\/v2\/posts"}],"about":[{"href":"https:\/\/www.europesays.com\/pt\/wp-json\/wp\/v2\/types\/post"}],"author":[{"embeddable":true,"href":"https:\/\/www.europesays.com\/pt\/wp-json\/wp\/v2\/users\/2"}],"replies":[{"embeddable":true,"href":"https:\/\/www.europesays.com\/pt\/wp-json\/wp\/v2\/comments?post=186257"}],"version-history":[{"count":0,"href":"https:\/\/www.europesays.com\/pt\/wp-json\/wp\/v2\/posts\/186257\/revisions"}],"wp:featuredmedia":[{"embeddable":true,"href":"https:\/\/www.europesays.com\/pt\/wp-json\/wp\/v2\/media\/186258"}],"wp:attachment":[{"href":"https:\/\/www.europesays.com\/pt\/wp-json\/wp\/v2\/media?parent=186257"}],"wp:term":[{"taxonomy":"category","embeddable":true,"href":"https:\/\/www.europesays.com\/pt\/wp-json\/wp\/v2\/categories?post=186257"},{"taxonomy":"post_tag","embeddable":true,"href":"https:\/\/www.europesays.com\/pt\/wp-json\/wp\/v2\/tags?post=186257"}],"curies":[{"name":"wp","href":"https:\/\/api.w.org\/{rel}","templated":true}]}}