{"id":186297,"date":"2025-12-13T04:09:28","date_gmt":"2025-12-13T04:09:28","guid":{"rendered":"https:\/\/www.europesays.com\/pt\/186297\/"},"modified":"2025-12-13T04:09:28","modified_gmt":"2025-12-13T04:09:28","slug":"revelados-detalhes-das-cerimonias-funebres-de-gloria-de-matos-ultima-vontade-da-atriz-sera-cumprida","status":"publish","type":"post","link":"https:\/\/www.europesays.com\/pt\/186297\/","title":{"rendered":"Revelados detalhes das cerim\u00f3nias f\u00fanebres de Gl\u00f3ria de Matos: \u00faltima vontade da atriz ser\u00e1 cumprida!"},"content":{"rendered":"<p>As ex\u00e9quias da atriz Gl\u00f3ria de Matos, que morreu, na quinta-feira, dia 11, aos 89 anos, em Lisboa, realizam-se no pr\u00f3ximo fim de semana, tamb\u00e9m na capital.<\/p>\n<p>O vel\u00f3rio realiza-se no s\u00e1bado, a partir das 18:00 horas, na Igreja de S. Jo\u00e3o de Deus, na Pra\u00e7a de Londres, onde, no domingo, pelas 15:30 horas, \u00e9 celebrada missa de corpo presente, seguindo-se o funeral para o Cemit\u00e9rio do Alto de S. Jo\u00e3o, onde ser\u00e1 feita a cerim\u00f3nia de crema\u00e7\u00e3o, conforme vontade da atriz, disse \u00e0 ag\u00eancia Lusa um familiar.<\/p>\n<p><a href=\"https:\/\/selfie.iol.pt\/famosos\/gloria-de-matos\/morreu-a-atriz-gloria-de-mato-tinha-89-anos\/20251211\/693b1733d34e2bd5c6d4ff6e\" target=\"_blank\" rel=\"nofollow noopener\">Gl\u00f3ria de Matos<\/a> protagonizou a pe\u00e7a &#8220;Quem Tem medo de Virginia Woolf?&#8221;, de Edward Albee, que lhe valeu o Pr\u00e9mio de Melhor Atriz, em 1972, atribu\u00eddo pela Associa\u00e7\u00e3o Portuguesa de Cr\u00edticos de Teatro.<\/p>\n<p>&#8220;Quem Tem medo de Virginia Woolf?&#8221; esteve em cena no Teatro Monumental, em Lisboa, e Gl\u00f3ria de Matos contracenou com Jacinto Ramos (1917-2004), numa encena\u00e7\u00e3o de Jo\u00e3o Vieira.<\/p>\n<p>Uma atua\u00e7\u00e3o &#8220;memor\u00e1vel&#8221;, segundo a cr\u00edtica, que lhe valeu tamb\u00e9m o Pr\u00e9mio Lucinda Sim\u00f5es, para &#8220;melhor int\u00e9rprete feminino de teatro declamado&#8221;, do Secretariado Nacional de Informa\u00e7\u00e3o, Cultura Popular e Turismo (SNI).<\/p>\n<p>De seu nome completo Maria da Gl\u00f3ria Martins de Matos Mendes, a atriz iniciou a carreira em 1954, tendo feito parte do n\u00facleo fundador da Casa da Com\u00e9dia, com o ator e encenador Fernando Amado (1899-1968), entre outros, no Teatro do Gin\u00e1sio, em Lisboa.<\/p>\n<p>Nascida em Lisboa, a atriz fez parte do Grupo Fernando Pessoa, com o qual realizou, em 1962, uma digress\u00e3o pelo Brasil.<\/p>\n<p>Uma bolsa da Funda\u00e7\u00e3o Calouste Gulbenkian permitiu-lhe diplomar-se em Teatro na Old Vic School, no Reino Unido, onde esteve at\u00e9 1965, e onde foi colega, entre outros, do ator Anthony Hopkins, que a desafiou a fazer carreira nos cen\u00e1rios brit\u00e2nicos.<\/p>\n<p>Em 1966, Gl\u00f3ria de Matos colaborou com o ator Raul Solnado (1929-2009), e com a companhia de teatro de Vasco Morgado, estreando-se no cinema no ano seguinte em &#8220;Opera\u00e7\u00e3o Dinamite&#8221;, de Pedro Martins, tendo contracenado, entre outros, com Nicolau Breyner (1940-2016), Armando Cortez (1928-2002), Helena del Rubio e Serge Farkas.<\/p>\n<p>Em 1968, ingressou na Companhia Portuguesa de Comediantes e, no ano seguinte, na companhia residente do Teatro Nacional D. Maria II.<\/p>\n<p>De julho de 1972 a setembro de 1983, Gl\u00f3ria de Matos manteve o v\u00ednculo como professora na Escola de Teatro do Conservat\u00f3rio Nacional, em Lisboa, e de outubro de 1983 a janeiro de 2000, foi professora na Escola Superior de Teatro e Cinema, que sucedeu \u00e0 do Conservat\u00f3rio Nacional.<\/p>\n<p>Em 1971, Madalena Azeredo Perdig\u00e3o, convidada para coordenar a Reforma do Ensino Art\u00edstico pelo ent\u00e3o ministro da Educa\u00e7\u00e3o Veiga Sim\u00e3o, convidou-a para fazer parte da respetiva comiss\u00e3o.<\/p>\n<p>Ap\u00f3s o 25 de Abril de 1974, a atriz e o marido, o apresentador de r\u00e1dio e televis\u00e3o Henrique Mendes (1931-2004), emigraram para o Canad\u00e1, tendo o casal regressado a Portugal em 1979, por incentivo do ator e encenador Raul Solnado.<\/p>\n<p>Gl\u00f3ria de Matos participou em v\u00e1rios filmes de Manoel de Oliveira (1908-2015), como &#8220;Benilde ou A Virgem M\u00e3e&#8221; (1975), &#8220;Francisca&#8221; (1981), &#8220;Os Canibais&#8221; (1988), &#8220;Vale Abra\u00e3o&#8221; (1993) &#8220;O Quinto Imp\u00e9rio&#8221; (2004), &#8220;Espelho M\u00e1gico&#8221; (2005) e &#8220;Singularidades de uma Rapariga Loura&#8221; (2009).<\/p>\n<p>Em 1982 fez parte do elenco de &#8220;Vila Faia&#8221;, realiza\u00e7\u00e3o de Nuno Teixeira, a primeira telenovela portuguesa, exibida na RTP1, na qual participaram Ruy de Carvalho, Helena Isabel, Rosa Lobato de Faria (1932-2010).<\/p>\n<p>A atriz regressou ao modelo televisivo com &#8220;Origens&#8221; (1983), tamb\u00e9m realizada por Nuno Teixeira, ao lado de Florbela Queir\u00f3s, Curado Ribeiro (1919-1995), Toz\u00e9 Martinho (1947-2020) e Mariana Rey Monteiro (1922-2010), entre outros, e com &#8220;Terra M\u00e3e&#8221; (1998), de Rui Vilhena, com Manuela Maria, Cl\u00e1udio Lins, L\u00facia Moniz, Marques D&#8217;Arrede e L\u00eddia Franco, entre outros.<\/p>\n<p>Na televis\u00e3o, Gl\u00f3ria de Matos desenvolveu ainda outras atividades, tendo apresentado, em 1974, o Festival RTP da Can\u00e7\u00e3o, ao lado de Artur Agostinho (1920-2011).<\/p>\n<p>A sua experi\u00eancia estendeu-se \u00e0 comunica\u00e7\u00e3o social na \u00e1rea da forma\u00e7\u00e3o, tendo sido orientadora no Centro de Forma\u00e7\u00e3o da RTP durante 12 anos e docente da disciplina de Express\u00e3o Oral, no Curso de Mestrado em Comunica\u00e7\u00e3o Educacional e Multim\u00e9dia da Universidade Aberta.<\/p>\n<p>De 1990 a 1992, foi assessora da secretaria de Estado da Cultura, do Governo de An\u00edbal Cavaco Silva, de quem tinha sido professora de dic\u00e7\u00e3o, e de 1991 a 1994, foi membro da Alta Autoridade para a Comunica\u00e7\u00e3o Social.<\/p>\n<p>Subiu ao palco na temporada de 2005\/2006 do Teatro Nacional D. Maria II, na pe\u00e7a &#8220;A Mais Velha Profiss\u00e3o do Mundo&#8221;, de Paula Vogel, numa coprodu\u00e7\u00e3o do Teatro Nacional e da companhia Escola de Mulheres, com encena\u00e7\u00e3o de Fernanda Lapa (1943-2020), contracenando com as atrizes Fernanda Montemor (1935-2015), Lia Gama, Lourdes Norberto e Maria Jos\u00e9 (1930-2020), tendo recebido a Medalha de Prata de M\u00e9rito Art\u00edstico do Minist\u00e9rio da Cultura.<\/p>\n<p>A \u00faltima atua\u00e7\u00e3o de Gl\u00f3ria de Matos ocorreu em 2017, na pe\u00e7a \u201cOdeio-te, Meu Amor\u201d, de Franz Xaver Kroetz, contracenando com Lu\u00eds Miguel Cintra, que admirava, numa encena\u00e7\u00e3o de Ricardo Pais, no Teatro Nacional D. Maria II.<\/p>\n","protected":false},"excerpt":{"rendered":"As ex\u00e9quias da atriz Gl\u00f3ria de Matos, que morreu, na quinta-feira, dia 11, aos 89 anos, em Lisboa,&hellip;\n","protected":false},"author":2,"featured_media":185462,"comment_status":"","ping_status":"","sticky":false,"template":"","format":"standard","meta":{"footnotes":""},"categories":[145],"tags":[813,211,210,114,115,980,3562,37618,7804,1437,619,161,32,33,1012,863],"class_list":{"0":"post-186297","1":"post","2":"type-post","3":"status-publish","4":"format-standard","5":"has-post-thumbnail","7":"category-celebridades","8":"tag-atriz","9":"tag-celebridades","10":"tag-celebrities","11":"tag-entertainment","12":"tag-entretenimento","13":"tag-famosos","14":"tag-funeral","15":"tag-gloria-de-matos","16":"tag-morreu","17":"tag-morte","18":"tag-nacional","19":"tag-novelas","20":"tag-portugal","21":"tag-pt","22":"tag-selfie","23":"tag-velorio"},"share_on_mastodon":{"url":"https:\/\/pubeurope.com\/@pt\/115710300224859820","error":""},"_links":{"self":[{"href":"https:\/\/www.europesays.com\/pt\/wp-json\/wp\/v2\/posts\/186297","targetHints":{"allow":["GET"]}}],"collection":[{"href":"https:\/\/www.europesays.com\/pt\/wp-json\/wp\/v2\/posts"}],"about":[{"href":"https:\/\/www.europesays.com\/pt\/wp-json\/wp\/v2\/types\/post"}],"author":[{"embeddable":true,"href":"https:\/\/www.europesays.com\/pt\/wp-json\/wp\/v2\/users\/2"}],"replies":[{"embeddable":true,"href":"https:\/\/www.europesays.com\/pt\/wp-json\/wp\/v2\/comments?post=186297"}],"version-history":[{"count":0,"href":"https:\/\/www.europesays.com\/pt\/wp-json\/wp\/v2\/posts\/186297\/revisions"}],"wp:featuredmedia":[{"embeddable":true,"href":"https:\/\/www.europesays.com\/pt\/wp-json\/wp\/v2\/media\/185462"}],"wp:attachment":[{"href":"https:\/\/www.europesays.com\/pt\/wp-json\/wp\/v2\/media?parent=186297"}],"wp:term":[{"taxonomy":"category","embeddable":true,"href":"https:\/\/www.europesays.com\/pt\/wp-json\/wp\/v2\/categories?post=186297"},{"taxonomy":"post_tag","embeddable":true,"href":"https:\/\/www.europesays.com\/pt\/wp-json\/wp\/v2\/tags?post=186297"}],"curies":[{"name":"wp","href":"https:\/\/api.w.org\/{rel}","templated":true}]}}