{"id":186317,"date":"2025-12-13T04:55:45","date_gmt":"2025-12-13T04:55:45","guid":{"rendered":"https:\/\/www.europesays.com\/pt\/186317\/"},"modified":"2025-12-13T04:55:45","modified_gmt":"2025-12-13T04:55:45","slug":"prologo-de-6-minutos-do-epico-de-christopher-nolan-vaza-na-internet","status":"publish","type":"post","link":"https:\/\/www.europesays.com\/pt\/186317\/","title":{"rendered":"Pr\u00f3logo de 6 minutos do \u00e9pico de Christopher Nolan VAZA na internet"},"content":{"rendered":"<p>O aguardado \u00e9pico de <strong><a href=\"https:\/\/cinepop.com.br\/tag\/christopher-nolan\/\" title=\"Christopher Nolan\" rel=\"nofollow noopener\" target=\"_blank\">Christopher Nolan<\/a><\/strong>,<strong> \u2018A Odisseia\u2019<\/strong>, ter\u00e1 seus primeiros<strong> 6 minutos<\/strong> exibidos a partir de hoje nos cinemas dos EUA.<\/p>\n<p>A pr\u00e9via, por\u00e9m, j\u00e1 vazou na internet. Em redes sociais, como o X, a pr\u00e9via viralizou e j\u00e1 foi visualizada milh\u00f5es de vezes.<\/p>\n<p>Em considera\u00e7\u00e3o ao est\u00fadio, n\u00e3o vamos divulgar o conte\u00fado aqui enquanto ele n\u00e3o for lan\u00e7ado oficialmente.<\/p>\n<p>A pr\u00e9via aparecer\u00e1 exclusivamente antes das sess\u00f5es em IMAX 70mm de<strong> \u2018Pecadores\u2019<\/strong> e <strong>\u2018Uma Batalha Ap\u00f3s a Outra\u2019<\/strong>, que retornam aos cinemas neste fim de semana, uma oportunidade rar\u00edssima, j\u00e1 que pouqu\u00edssimas salas possuem essa tecnologia.<\/p>\n<p>Um trailer completo (mais curto) est\u00e1 garantido para as sess\u00f5es de <strong>\u2018Avatar: Fogo e Cinzas\u2019<\/strong>, a partir de <strong>19 de dezembro<\/strong>. Mesmo assim, o pr\u00f3logo estendido de 6 minutos seguir\u00e1 sendo exibido antes das sess\u00f5es IMAX do terceiro filme de <strong>\u2018Avatar\u2019<\/strong>.<\/p>\n<p>Quanto ao lan\u00e7amento online? Deve acontecer, mas f\u00e3s ter\u00e3o que esperar um pouco mais. <strong>Nolan<\/strong> \u00e9 conhecido por manter pr\u00e9-estreias exclusivas nos cinemas, segurando o trailer na internet at\u00e9 a semana seguinte.<\/p>\n<p><strong>A estreia no Brasil est\u00e1 marcada para o dia 16 de julho de 2026, um dia antes do lan\u00e7amento nos Estados Unidos.<\/strong><\/p>\n<p><img fetchpriority=\"high\" decoding=\"async\" src=\"https:\/\/www.europesays.com\/pt\/wp-content\/uploads\/2025\/12\/a-odisseia-1024x592.jpg\" alt=\"a odisseia\" width=\"696\" height=\"402\"  \/><\/p>\n<p>Confira a sinopse oficial:<\/p>\n<p>Ap\u00f3s a Guerra de Tr\u00f3ia, o guerreiro grego Odisseu (<strong><a href=\"https:\/\/cinepop.com.br\/tag\/matt-damon\/\" title=\"Matt Damon\" rel=\"nofollow noopener\" target=\"_blank\">Matt Damon<\/a><\/strong>) enfrenta criaturas m\u00edticas e deuses em sua \u00e9pica jornada de volta para casa, onde sua esposa Pen\u00e9lope o aguarda. Para contar essa hist\u00f3ria grandiosa, a produ\u00e7\u00e3o re\u00fane um elenco estelar ao lado de Damon, entre os nomes confirmados est\u00e3o<strong> <a href=\"https:\/\/cinepop.com.br\/tag\/anne-hathaway\/\" title=\"Anne Hathaway\" rel=\"nofollow noopener\" target=\"_blank\">Anne Hathaway<\/a>, <a href=\"https:\/\/cinepop.com.br\/tag\/tom-holland\/\" title=\"Tom Holland\" rel=\"nofollow noopener\" target=\"_blank\">Tom Holland<\/a>, <a href=\"https:\/\/cinepop.com.br\/tag\/zendaya\/\" title=\"Zendaya\" rel=\"nofollow noopener\" target=\"_blank\">Zendaya<\/a><\/strong> e <strong>Lupita Nyong\u2019o<\/strong>.<\/p>\n<p>O filme \u00e9 um \u00e9pico de a\u00e7\u00e3o m\u00edtico filmado em todo o mundo usando a nov\u00edssima tecnologia de filme IMAX e traz a saga fundamental de Odisseu para as telas de filme IMAX pela primeira vez.<\/p>\n<p>O elenco conta com nomes como\u00a0<strong><a href=\"https:\/\/cinepop.com.br\/tag\/matt-damon\/\" title=\"Matt Damon\" rel=\"nofollow noopener\" target=\"_blank\">Matt Damon<\/a><\/strong>, <strong><a href=\"https:\/\/cinepop.com.br\/tag\/tom-holland\/\" title=\"Tom Holland\" rel=\"nofollow noopener\" target=\"_blank\">Tom Holland<\/a><\/strong>, <strong><a href=\"https:\/\/cinepop.com.br\/tag\/charlize-theron\/\" title=\"Charlize Theron\" rel=\"nofollow noopener\" target=\"_blank\">Charlize Theron<\/a><\/strong>,\u00a0<strong>Robert Pattinson<\/strong>,\u00a0<strong>Jon Bernthal<\/strong>,\u00a0<strong>John Leguizamo<\/strong>,\u00a0<strong>Elliot Page<\/strong>,\u00a0<strong>Himesh Patel<\/strong>,\u00a0<strong>Bill Irwin<\/strong>,\u00a0<strong>Samantha Morton<\/strong>,\u00a0<strong><a href=\"https:\/\/cinepop.com.br\/tag\/zendaya\/\" title=\"Zendaya\" rel=\"nofollow noopener\" target=\"_blank\">Zendaya<\/a><\/strong> e outros.<\/p>\n<p>A aposta \u00e9 alta: com um or\u00e7amento de US$ 250 milh\u00f5es, \u2018<strong>A<\/strong> <strong>Odisseia<\/strong>\u2018 ser\u00e1 o filme mais caro da carreira de <strong>Nolan<\/strong>.<\/p>\n<p><img loading=\"lazy\" decoding=\"async\" src=\"https:\/\/www.europesays.com\/pt\/wp-content\/uploads\/2025\/10\/odisseia2.jpeg\" alt=\"\" width=\"632\" height=\"1000\"  \/><\/p>\n<p>odisseia2<\/p>\n","protected":false},"excerpt":{"rendered":"O aguardado \u00e9pico de Christopher Nolan, \u2018A Odisseia\u2019, ter\u00e1 seus primeiros 6 minutos exibidos a partir de hoje&hellip;\n","protected":false},"author":2,"featured_media":186318,"comment_status":"","ping_status":"","sticky":false,"template":"","format":"standard","meta":{"footnotes":""},"categories":[140],"tags":[114,115,147,148,146,32,33],"class_list":{"0":"post-186317","1":"post","2":"type-post","3":"status-publish","4":"format-standard","5":"has-post-thumbnail","7":"category-filmes","8":"tag-entertainment","9":"tag-entretenimento","10":"tag-film","11":"tag-filmes","12":"tag-movies","13":"tag-portugal","14":"tag-pt"},"share_on_mastodon":{"url":"https:\/\/pubeurope.com\/@pt\/115710481349542403","error":""},"_links":{"self":[{"href":"https:\/\/www.europesays.com\/pt\/wp-json\/wp\/v2\/posts\/186317","targetHints":{"allow":["GET"]}}],"collection":[{"href":"https:\/\/www.europesays.com\/pt\/wp-json\/wp\/v2\/posts"}],"about":[{"href":"https:\/\/www.europesays.com\/pt\/wp-json\/wp\/v2\/types\/post"}],"author":[{"embeddable":true,"href":"https:\/\/www.europesays.com\/pt\/wp-json\/wp\/v2\/users\/2"}],"replies":[{"embeddable":true,"href":"https:\/\/www.europesays.com\/pt\/wp-json\/wp\/v2\/comments?post=186317"}],"version-history":[{"count":0,"href":"https:\/\/www.europesays.com\/pt\/wp-json\/wp\/v2\/posts\/186317\/revisions"}],"wp:featuredmedia":[{"embeddable":true,"href":"https:\/\/www.europesays.com\/pt\/wp-json\/wp\/v2\/media\/186318"}],"wp:attachment":[{"href":"https:\/\/www.europesays.com\/pt\/wp-json\/wp\/v2\/media?parent=186317"}],"wp:term":[{"taxonomy":"category","embeddable":true,"href":"https:\/\/www.europesays.com\/pt\/wp-json\/wp\/v2\/categories?post=186317"},{"taxonomy":"post_tag","embeddable":true,"href":"https:\/\/www.europesays.com\/pt\/wp-json\/wp\/v2\/tags?post=186317"}],"curies":[{"name":"wp","href":"https:\/\/api.w.org\/{rel}","templated":true}]}}