{"id":186329,"date":"2025-12-13T05:24:20","date_gmt":"2025-12-13T05:24:20","guid":{"rendered":"https:\/\/www.europesays.com\/pt\/186329\/"},"modified":"2025-12-13T05:24:20","modified_gmt":"2025-12-13T05:24:20","slug":"filme-atrai-marcas-e-quer-destacar-brasilida","status":"publish","type":"post","link":"https:\/\/www.europesays.com\/pt\/186329\/","title":{"rendered":"filme atrai marcas e quer destacar brasilida"},"content":{"rendered":"<p>Idealizado e protagonizado por Maria Gal, longa-metragem estrear\u00e1 em 2026 com a miss\u00e3o de levar \u00e0 tela a obra e a hist\u00f3ria da escritora Carolina Maria de Jesus<\/p>\n<p>                <img fetchpriority=\"high\" aria-describedby=\"caption-attachment-640481\" loading=\"auto\" decoding=\"auto\" class=\"wp-image-640481\" src=\"https:\/\/www.europesays.com\/pt\/wp-content\/uploads\/2025\/12\/Quarto-de-Despejo-Cena-Credito-Divulgacao.jpg\" alt=\"Quarto de Despejo\" width=\"616\" height=\"410\"  \/><\/p>\n<p id=\"caption-attachment-640481\" class=\"wp-caption-text\">Maria Gal, caracterizada como Carolina Maria de Jesus, em cena do filme (Cr\u00e9dito: Divulga\u00e7\u00e3o)<\/p>\n<p>Entre a primeira vez que a produtora e atriz Maria Gal decidiu adquirir os direitos da obra Quarto de Despejo, de Carolina Maria de Jesus, para adapt\u00e1-la ao universo audiovisual e o in\u00edcio da produ\u00e7\u00e3o do filme que chegar\u00e1 \u00e0s salas de cinema do Pa\u00eds em 2026, passaram-se 11 anos.<\/p>\n<p>relacionado<a href=\"https:\/\/www.meioemensagem.com.br\/midia\/o-agente-secreto-leva-tres-indicacoes-ao-globo-de-ouro-2026\" data-link-type=\"related-article\" rel=\"nofollow noopener\" target=\"_blank\"><img width=\"275\" height=\"170\" src=\"https:\/\/www.europesays.com\/pt\/wp-content\/uploads\/2025\/12\/1280x852-agente-secreto-cred-div-275x170.jpg\" class=\"attachment-thumb_275x170 size-thumb_275x170 wp-post-image\" alt=\"o agente secreto\" id=\"639521\" loading=\"auto\" decoding=\"auto\"\/><\/p>\n<p class=\"titulo\">O Agente Secreto recebe 3 indica\u00e7\u00f5es ao Globo de Ouro 2026<\/p>\n<p><\/a><\/p>\n<p>\u201cTodo esse processo est\u00e1 sendo uma escola\u201d, confessa a artista em entrevista ao Meio &amp; Mensagem. Al\u00e9m de idealizadora e produtora, Maria Gal tamb\u00e9m \u00e9 a protagonista do longa-metragem Carolina: Quarto de Despejo, no qual dar\u00e1 interpretar\u00e1 a autora cuja vida e obra ainda s\u00e3o desconhecidas de muitos brasileiros.<\/p>\n<p>A vontade de contar a hist\u00f3ria veio a partir da observa\u00e7\u00e3o de Maria de como a obra \u2013 publicada em 1960 a partir das viv\u00eancias da escritora Maria Carolina de Jesus, uma mulher preta, na favela do Canind\u00e9, em S\u00e3o Paulo \u2013 ainda \u00e9 atual.<\/p>\n<p>\u201cOs temas que ela abordava ainda s\u00e3o extremamente atuais. Ela falava sobre etarismo, sobre empreendedorismo e batalhou diretamente para que seu livro fosse publicado, enviando os di\u00e1rios para editoras nacionais e internacionais. Al\u00e9m disso, ela tinha um lugar de brasilidade, de poder falar sobre esse universo t\u00e3o comum a tanta gente, principalmente para as mulheres\u201d, comenta a produtora e atriz.<\/p>\n<p>As grava\u00e7\u00f5es do filme terminaram em novembro e tiveram dire\u00e7\u00e3o de Jeferson De. O longa tem roteiro de Ma\u00edra Oliveira e produ\u00e7\u00e3o de Cl\u00e9lia Bessa, Move Maria (produtora de Maria Gal), Raccord Produ\u00e7\u00f5es e Buda Filmes. A coprodu\u00e7\u00e3o \u00e9 da Globo Filmes. Al\u00e9m de Maria Gal, tamb\u00e9m fazem parte do elenco Raphael Logam, Clayton Nascimento, Fabio Assun\u00e7\u00e3o, Caio Manhente e outros atores.<\/p>\n<p>Marcas, hist\u00f3ria e inclus\u00e3o<\/p>\n<p>Apesar do longo per\u00edodo para conseguir transformar seu sonho em um projeto cinematogr\u00e1fico, que envolveu a capta\u00e7\u00e3o de parceiros, a capta\u00e7\u00e3o de verbas e a estrutura para o in\u00edcio da produ\u00e7\u00e3o, de fato, Maria Gal celebra a ades\u00e3o que a filmografia da obra de Maria Carolina de Jesus obteve em termos comerciais.<\/p>\n<p>At\u00e9 o momento, para as fases de produ\u00e7\u00e3o e grava\u00e7\u00e3o, o filme j\u00e1 contou com parceria de dez marcas. S\u00e3o elas: Ambev, Ita\u00fa, Aegea, Suzano, Novelis, Cateno, Hapvida, Mattos Filho, Ford Foundation, Petrobras, al\u00e9m do apoio da pr\u00f3pria Globo Filmes.<\/p>\n<p>A produtora e protagonista da obra conta que a ades\u00e3o das empresas ao projeto n\u00e3o foi algo imediato e envolveu um grande esfor\u00e7o, por parte dela e de toda a equipe, de capta\u00e7\u00e3o de explana\u00e7\u00e3o sobre o tema e os objetivos da obra. Um ponto, no entanto, foi importante para que as empresas enxergarem a import\u00e2ncia do investimento na tem\u00e1tica social e racial: a amplia\u00e7\u00e3o do debate sobre inclus\u00e3o.<\/p>\n<p>\u201cAo longo desses 11 anos em que adquirimos os direitos de filmagem da obra at\u00e9 sua realiza\u00e7\u00e3o, agora, o Brasil passou por diferentes cen\u00e1rios e quest\u00f5es. Dentre elas, houve um acontecimento importante, que foi a reflex\u00e3o sobre a morte de George Floyd, nos Estados Unidos, em 2020, que colocou a discuss\u00e3o sobre racismo e inclus\u00e3o em um patamar diferente. Acredito que essa mudan\u00e7a de olhar se refletiu tamb\u00e9m na forma como as empresas e a sociedade enxergam essas hist\u00f3rias de pessoas negras\u201d, comenta Maria.<\/p>\n<p>A produtora conta que participou, pessoalmente, das conversas sobre capta\u00e7\u00e3o de apoio e patroc\u00ednio junto \u00e0s marcas e que sempre iniciava os encontros com um questionamento. \u201cPerguntava aos executivos se eles j\u00e1 tinham ouvido falar ou j\u00e1 tinham lido alguma obra de Clarice Lispector. Todos respondiam que sim. Em seguida, fazia a mesma pergunta sobre Carolina Maria de Jesus, e quase ningu\u00e9m a conhecia. S\u00e3o duas escritoras praticamente contempor\u00e2neas, que tiveram uma visibilidade totalmente diferente ao longo da hist\u00f3ria\u201d, exemplifica.<\/p>\n<p><img aria-describedby=\"caption-attachment-640516\" loading=\"auto\" decoding=\"auto\" class=\"wp-image-640516\" src=\"https:\/\/www.europesays.com\/pt\/wp-content\/uploads\/2025\/12\/Maria-Gal-Carolina-Cena-Filme-Dviulgacao.jpg\" alt=\"Quarto de Despejo\" width=\"616\" height=\"929\"  \/><\/p>\n<p id=\"caption-attachment-640516\" class=\"wp-caption-text\">(Cr\u00e9dito: Divulga\u00e7\u00e3o)<\/p>\n<p>Carnaval e marketing de lan\u00e7amento<\/p>\n<p>Com as grava\u00e7\u00f5es encerradas, o filme agora entra nas etapas de edi\u00e7\u00e3o e p\u00f3s-produ\u00e7\u00e3o, que deve durar meses. Para essas novas fases, bem como para o lan\u00e7amento, Maria Gal conta que a equipe segue prospectando parcerias e apoios de marcas.<\/p>\n<p>Segundo ela, mais recursos s\u00e3o fundamentais para que as produtoras concretizem o projeto de transformar o filme em uma iniciativa de impact entertainment, como s\u00e3o chamadas as iniciativas que, al\u00e9m de entreter, levam alguma mensagem educativa \u2013 nesse caso, sobre combate ao racismo, inclus\u00e3o, desigualdade social e maior conhecimento a respeito da hist\u00f3ria nacional. \u201cQueremos distribuir o filme para o n\u00famero maior de salas poss\u00edvel\u201d, conta.<\/p>\n<p>Justamente por conta de ainda depender de parcerias para essas pr\u00f3ximas etapas, Maria Gal prefere n\u00e3o dar uma data para o lan\u00e7amento do filme. Uma coincid\u00eancia, contudo, poder\u00e1 fazer com que o buzz em torno da escritora brasileira aumente em 2026 e, com isso, ajude a divulga\u00e7\u00e3o do filme: Carolina Maria de Jesus ser\u00e1 o enredo da Unidas da Tijuca, escola do Grupo Especial do Rio de Janeiro, no Carnaval de 2026.<\/p>\n<p>Maria Gal tamb\u00e9m estar\u00e1 na Sapuca\u00ed, interpretando a autora, assim como no filme. \u201cEssa foi uma feliz coincid\u00eancia que acredito que ajudar\u00e1 a colocar o nome da Maria Carolina ainda em maior destaque no pr\u00f3ximo ano e agu\u00e7ar a curiosidade das pessoas em torno do filme\u201d, conta.<\/p>\n<p>O processo de filmagem e produ\u00e7\u00e3o do filme ainda deve render um document\u00e1rio, que est\u00e1 sendo produzido pela Move Maria.<\/p>\n<p>Por enquanto, as produtoras envolvidas v\u00eam trabalhando o marketing do filme por meio de postagens nas redes sociais. Mais do que mostrar os bastidores, o objetivo principal, at\u00e9 agora, foi destacar a escrita, as ideias e a obra de Carolina Maria de Jesus. Veja:<\/p>\n<blockquote class=\"instagram-media\" style=\"background: #FFF; border: 0; border-radius: 3px; box-shadow: 0 0 1px 0 rgba(0,0,0,0.5),0 1px 10px 0 rgba(0,0,0,0.15); margin: 1px; max-width: 540px; min-width: 326px; padding: 0; width: calc(100% - 2px);\" data-instgrm-captioned=\"\" data-instgrm-permalink=\"https:\/\/www.instagram.com\/p\/DSH4rWHkdwP\/?utm_source=ig_embed&amp;utm_campaign=loading\" data-instgrm-version=\"14\">\n<\/blockquote>\n<p>            <script async src=\"\/\/www.instagram.com\/embed.js\"><\/script><\/p>\n","protected":false},"excerpt":{"rendered":"Idealizado e protagonizado por Maria Gal, longa-metragem estrear\u00e1 em 2026 com a miss\u00e3o de levar \u00e0 tela a&hellip;\n","protected":false},"author":2,"featured_media":186330,"comment_status":"","ping_status":"","sticky":false,"template":"","format":"standard","meta":{"footnotes":""},"categories":[140],"tags":[114,115,147,148,146,32,33],"class_list":{"0":"post-186329","1":"post","2":"type-post","3":"status-publish","4":"format-standard","5":"has-post-thumbnail","7":"category-filmes","8":"tag-entertainment","9":"tag-entretenimento","10":"tag-film","11":"tag-filmes","12":"tag-movies","13":"tag-portugal","14":"tag-pt"},"share_on_mastodon":{"url":"https:\/\/pubeurope.com\/@pt\/115710595397543563","error":""},"_links":{"self":[{"href":"https:\/\/www.europesays.com\/pt\/wp-json\/wp\/v2\/posts\/186329","targetHints":{"allow":["GET"]}}],"collection":[{"href":"https:\/\/www.europesays.com\/pt\/wp-json\/wp\/v2\/posts"}],"about":[{"href":"https:\/\/www.europesays.com\/pt\/wp-json\/wp\/v2\/types\/post"}],"author":[{"embeddable":true,"href":"https:\/\/www.europesays.com\/pt\/wp-json\/wp\/v2\/users\/2"}],"replies":[{"embeddable":true,"href":"https:\/\/www.europesays.com\/pt\/wp-json\/wp\/v2\/comments?post=186329"}],"version-history":[{"count":0,"href":"https:\/\/www.europesays.com\/pt\/wp-json\/wp\/v2\/posts\/186329\/revisions"}],"wp:featuredmedia":[{"embeddable":true,"href":"https:\/\/www.europesays.com\/pt\/wp-json\/wp\/v2\/media\/186330"}],"wp:attachment":[{"href":"https:\/\/www.europesays.com\/pt\/wp-json\/wp\/v2\/media?parent=186329"}],"wp:term":[{"taxonomy":"category","embeddable":true,"href":"https:\/\/www.europesays.com\/pt\/wp-json\/wp\/v2\/categories?post=186329"},{"taxonomy":"post_tag","embeddable":true,"href":"https:\/\/www.europesays.com\/pt\/wp-json\/wp\/v2\/tags?post=186329"}],"curies":[{"name":"wp","href":"https:\/\/api.w.org\/{rel}","templated":true}]}}