{"id":186357,"date":"2025-12-13T07:04:15","date_gmt":"2025-12-13T07:04:15","guid":{"rendered":"https:\/\/www.europesays.com\/pt\/186357\/"},"modified":"2025-12-13T07:04:15","modified_gmt":"2025-12-13T07:04:15","slug":"pai-de-isabel-veloso-se-declara-enquanto-influenciadora-segue-internada-na-uti","status":"publish","type":"post","link":"https:\/\/www.europesays.com\/pt\/186357\/","title":{"rendered":"Pai de Isabel Veloso se declara enquanto influenciadora segue internada na UTI"},"content":{"rendered":"<p>O estado de sa\u00fade de <a href=\"https:\/\/caras.com.br\/tags\/isabel-veloso\" rel=\"nofollow noopener\" target=\"_blank\"><strong>Isabel Veloso<\/strong><\/a> mobilizou familiares e seguidores nas redes sociais nesta sexta-feira, 12. A influenciadora, de 19 anos, segue internada em estado grave na UTI de um hospital em Curitiba, enquanto pessoas pr\u00f3ximas se manifestam publicamente em mensagens de apoio e f\u00e9.<\/p>\n<p>Durante a tarde, <strong>Joelson Veloso,<\/strong> pai de Isabel, publicou uma declara\u00e7\u00e3o emocionada dedicada \u00e0 filha. No texto, ele falou sobre esperan\u00e7a, amor e a expectativa por uma recupera\u00e7\u00e3o.<\/p>\n<p>\u201cFilha, se voc\u00ea pudesse me ouvir agora, eu diria que voc\u00ea \u00e9 a luz que me guia, a for\u00e7a que me mant\u00e9m de p\u00e9\u201d, escreveu. Em outro trecho, refor\u00e7ou a cren\u00e7a em um desfecho positivo: \u201cEstou aqui cada segundo lutando com voc\u00ea, acreditando no milagre da sua vida. Te amo infinitamente, minha Isabel\u201d.<\/p>\n<p> <img loading=\"lazy\" decoding=\"async\" class=\"wp-image-1043771 size-full img-fluid lazy\" alt=\"Stories de Joelson Veloso - Foto: Reprodu\u00e7\u00e3o \/ Instagram\" width=\"339\" height=\"601\" src=\"https:\/\/www.europesays.com\/pt\/wp-content\/uploads\/2025\/12\/stories-joelson-veloso.jpg\"  \/>Stories de Joelson Veloso \u2013 Foto: Reprodu\u00e7\u00e3o \/ Instagram <\/p>\n<p>O marido da influenciadora, <strong>Lucas Borba,<\/strong> tamb\u00e9m se pronunciou. Nos Stories do Instagram, ele compartilhou uma foto do filho do casal, <strong>Arthur,<\/strong> de 11 meses, marcando a localiza\u00e7\u00e3o do hospital onde Isabel est\u00e1 internada. Lucas tem acompanhado de perto a interna\u00e7\u00e3o da esposa desde a piora do quadro cl\u00ednico.<\/p>\n<p>\t <img loading=\"lazy\" decoding=\"async\" class=\"wp-image-1043773 size-full img-fluid lazy\" alt=\"Stories de Lucas Borbas - Foto: Reprodu\u00e7\u00e3o \/ Instagram\" width=\"336\" height=\"604\" src=\"https:\/\/www.europesays.com\/pt\/wp-content\/uploads\/2025\/12\/stories-lucas.jpg\"  \/>Stories de Lucas Borbas \u2013 Foto: Reprodu\u00e7\u00e3o \/ Instagram Quadro atual de Isabel Veloso <\/p>\n<p>Isabel enfrenta complica\u00e7\u00f5es respirat\u00f3rias enquanto trata um linfoma de Hodgkin, c\u00e2ncer que foi diagnosticado quando ela tinha 15 anos. Aos 17, ela chegou a interromper o tratamento. Em outubro de 2024, a influenciadora revelou que a doen\u00e7a havia voltado a crescer, o que a levou a retomar o acompanhamento m\u00e9dico durante a gesta\u00e7\u00e3o.<\/p>\n<p>Na \u00e9poca, Isabel estava com cinco meses de gravidez quando decidiu reiniciar o tratamento oncol\u00f3gico. Com 28 semanas, ela contou que o linfoma havia se espalhado e atingido os pulm\u00f5es, agravando o quadro de sa\u00fade. Mesmo diante das complica\u00e7\u00f5es, seguiu acompanhada por uma equipe m\u00e9dica especializada.<\/p>\n<p>Ap\u00f3s o nascimento de Arthur, Isabel iniciou uma nova fase do tratamento, que incluiu um transplante de medula \u00f3ssea. Desde ent\u00e3o, ela vinha compartilhando atualiza\u00e7\u00f5es sobre a luta contra a doen\u00e7a, sempre destacando o apoio da fam\u00edlia e do marido.<\/p>\n<p>Leia tamb\u00e9m: <a href=\"https:\/\/caras.com.br\/bem-estar\/internada-isabel-veloso-tem-quadro-de-saude-atualizado-apos-pedido-da-familia.phtml\" rel=\"nofollow noopener\" target=\"_blank\">Internada, Isabel Veloso tem quadro de sa\u00fade atualizado ap\u00f3s pedido da fam\u00edlia<\/a><\/p>\n<p>        <a href=\"https:\/\/caras.com.br\/autor\/izabella-nicolau\" rel=\"nofollow noopener\" target=\"_blank\">&#13;<br \/>\n          <img loading=\"lazy\" decoding=\"async\" alt=\"Izabella Nicolau\" src=\"https:\/\/www.europesays.com\/pt\/wp-content\/uploads\/2025\/10\/1761546134_794_whatsapp_image_2025-08-12_at_15.10.50_1_sqmd.jpeg\" class=\"avatar avatar-115 photo rounded-circle\" height=\"115\" width=\"115\"\/>        <\/a><\/p>\n<p><strong>Izabella Nicolau<\/strong> \u00e9 rep\u00f3rter de conte\u00fado do site CARAS. Formada em jornalismo, j\u00e1 passou por sites como Observat\u00f3rio do Cinema e Ultraverso. Escreve sobre cultura, entretenimento e celebridades.<\/p>\n","protected":false},"excerpt":{"rendered":"O estado de sa\u00fade de Isabel Veloso mobilizou familiares e seguidores nas redes sociais nesta sexta-feira, 12. A&hellip;\n","protected":false},"author":2,"featured_media":186358,"comment_status":"","ping_status":"","sticky":false,"template":"","format":"standard","meta":{"footnotes":""},"categories":[145],"tags":[211,210,114,115,32,33],"class_list":{"0":"post-186357","1":"post","2":"type-post","3":"status-publish","4":"format-standard","5":"has-post-thumbnail","7":"category-celebridades","8":"tag-celebridades","9":"tag-celebrities","10":"tag-entertainment","11":"tag-entretenimento","12":"tag-portugal","13":"tag-pt"},"share_on_mastodon":{"url":"https:\/\/pubeurope.com\/@pt\/115710988660128545","error":""},"_links":{"self":[{"href":"https:\/\/www.europesays.com\/pt\/wp-json\/wp\/v2\/posts\/186357","targetHints":{"allow":["GET"]}}],"collection":[{"href":"https:\/\/www.europesays.com\/pt\/wp-json\/wp\/v2\/posts"}],"about":[{"href":"https:\/\/www.europesays.com\/pt\/wp-json\/wp\/v2\/types\/post"}],"author":[{"embeddable":true,"href":"https:\/\/www.europesays.com\/pt\/wp-json\/wp\/v2\/users\/2"}],"replies":[{"embeddable":true,"href":"https:\/\/www.europesays.com\/pt\/wp-json\/wp\/v2\/comments?post=186357"}],"version-history":[{"count":0,"href":"https:\/\/www.europesays.com\/pt\/wp-json\/wp\/v2\/posts\/186357\/revisions"}],"wp:featuredmedia":[{"embeddable":true,"href":"https:\/\/www.europesays.com\/pt\/wp-json\/wp\/v2\/media\/186358"}],"wp:attachment":[{"href":"https:\/\/www.europesays.com\/pt\/wp-json\/wp\/v2\/media?parent=186357"}],"wp:term":[{"taxonomy":"category","embeddable":true,"href":"https:\/\/www.europesays.com\/pt\/wp-json\/wp\/v2\/categories?post=186357"},{"taxonomy":"post_tag","embeddable":true,"href":"https:\/\/www.europesays.com\/pt\/wp-json\/wp\/v2\/tags?post=186357"}],"curies":[{"name":"wp","href":"https:\/\/api.w.org\/{rel}","templated":true}]}}