{"id":186369,"date":"2025-12-13T07:34:17","date_gmt":"2025-12-13T07:34:17","guid":{"rendered":"https:\/\/www.europesays.com\/pt\/186369\/"},"modified":"2025-12-13T07:34:17","modified_gmt":"2025-12-13T07:34:17","slug":"rei-carlos-iii-vai-reduzir-tratamentos-contra-o-cancro-no-proximo-ano","status":"publish","type":"post","link":"https:\/\/www.europesays.com\/pt\/186369\/","title":{"rendered":"Rei Carlos III vai reduzir tratamentos contra o cancro no pr\u00f3ximo ano"},"content":{"rendered":"<p data-remotead-prev-elm=\"true\" data-remotead-elm-id=\"inread\">&#8220;Hoje [sexta-feira] posso anunciar a boa not\u00edcia de que, gra\u00e7as a um diagn\u00f3stico precoce para para uma interven\u00e7\u00e3o eficaz e ao cumprimento das prescri\u00e7\u00f5es m\u00e9dicas, o meu ciclo de tratamentos contra o cancro poder\u00e1 ser aliviado no pr\u00f3ximo ano&#8221;, declarou o monarca, de 77 anos, classificando esta not\u00edcia como uma &#8220;b\u00ean\u00e7\u00e3o pessoal&#8221;.<\/p>\n<p>Carlos III foi diagnosticado, em fevereiro de 2024, com cancro, embora a sua natureza n\u00e3o tenha sido comunicada publicamente.<\/p>\n","protected":false},"excerpt":{"rendered":"&#8220;Hoje [sexta-feira] posso anunciar a boa not\u00edcia de que, gra\u00e7as a um diagn\u00f3stico precoce para para uma interven\u00e7\u00e3o&hellip;\n","protected":false},"author":2,"featured_media":186370,"comment_status":"","ping_status":"","sticky":false,"template":"","format":"standard","meta":{"footnotes":""},"categories":[8],"tags":[27,28,1207,15,16,14,25,26,21,22,30543,12,13,19,20,32,23,24,33,19558,17,18,29,30,31],"class_list":{"0":"post-186369","1":"post","2":"type-post","3":"status-publish","4":"format-standard","5":"has-post-thumbnail","7":"category-principais-noticias","8":"tag-breaking-news","9":"tag-breakingnews","10":"tag-cancro","11":"tag-featured-news","12":"tag-featurednews","13":"tag-headlines","14":"tag-latest-news","15":"tag-latestnews","16":"tag-main-news","17":"tag-mainnews","18":"tag-monarquia-britanica","19":"tag-news","20":"tag-noticias","21":"tag-noticias-principais","22":"tag-noticiasprincipais","23":"tag-portugal","24":"tag-principais-noticias","25":"tag-principaisnoticias","26":"tag-pt","27":"tag-rei-carlos-iii","28":"tag-top-stories","29":"tag-topstories","30":"tag-ultimas","31":"tag-ultimas-noticias","32":"tag-ultimasnoticias"},"share_on_mastodon":{"url":"https:\/\/pubeurope.com\/@pt\/115711106410737353","error":""},"_links":{"self":[{"href":"https:\/\/www.europesays.com\/pt\/wp-json\/wp\/v2\/posts\/186369","targetHints":{"allow":["GET"]}}],"collection":[{"href":"https:\/\/www.europesays.com\/pt\/wp-json\/wp\/v2\/posts"}],"about":[{"href":"https:\/\/www.europesays.com\/pt\/wp-json\/wp\/v2\/types\/post"}],"author":[{"embeddable":true,"href":"https:\/\/www.europesays.com\/pt\/wp-json\/wp\/v2\/users\/2"}],"replies":[{"embeddable":true,"href":"https:\/\/www.europesays.com\/pt\/wp-json\/wp\/v2\/comments?post=186369"}],"version-history":[{"count":0,"href":"https:\/\/www.europesays.com\/pt\/wp-json\/wp\/v2\/posts\/186369\/revisions"}],"wp:featuredmedia":[{"embeddable":true,"href":"https:\/\/www.europesays.com\/pt\/wp-json\/wp\/v2\/media\/186370"}],"wp:attachment":[{"href":"https:\/\/www.europesays.com\/pt\/wp-json\/wp\/v2\/media?parent=186369"}],"wp:term":[{"taxonomy":"category","embeddable":true,"href":"https:\/\/www.europesays.com\/pt\/wp-json\/wp\/v2\/categories?post=186369"},{"taxonomy":"post_tag","embeddable":true,"href":"https:\/\/www.europesays.com\/pt\/wp-json\/wp\/v2\/tags?post=186369"}],"curies":[{"name":"wp","href":"https:\/\/api.w.org\/{rel}","templated":true}]}}