{"id":186379,"date":"2025-12-13T07:50:14","date_gmt":"2025-12-13T07:50:14","guid":{"rendered":"https:\/\/www.europesays.com\/pt\/186379\/"},"modified":"2025-12-13T07:50:14","modified_gmt":"2025-12-13T07:50:14","slug":"entenda-doenca-que-fez-xuxa-passar-por-cirurgia","status":"publish","type":"post","link":"https:\/\/www.europesays.com\/pt\/186379\/","title":{"rendered":"entenda doen\u00e7a que fez Xuxa passar por cirurgia"},"content":{"rendered":"\n<p>A apresentadora\u00a0<strong class=\"group-[.isActiveSource]:text-xl group-[.isActiveSource]:font-bold\">Xuxa Meneghel<\/strong>, 62, passou por uma cirurgia na coluna lombar, em S\u00e3o Paulo, ap\u00f3s meses de Ccausada por estenose foraminal.<\/p>\n<p>O\u00a0procedimento\u00a0durou cerca de duas horas, foi considerado de m\u00e9dia complexidade e teve evolu\u00e7\u00e3o muito positiva: em dois dias ela recebeu alta, com boa mobilidade e dor controlada.<\/p>\n<p>Xuxa\u00a0vinha sentindo desconforto havia oito meses e escolheu operar agora para estar totalmente recuperada antes de sua turn\u00ea de despedida, marcada para julho de 2026.<\/p>\n<p><strong>O que \u00e9 estenose foraminal<\/strong><\/p>\n<p>A estenose foraminal ocorre quando o\u00a0forame neural,\u00a0o pequeno t\u00fanel por onde os nervos deixam a coluna, fica mais estreito e comprime as ra\u00edzes nervosas.<\/p>\n<p>Segundo a Cleveland Clinic, o efeito \u00e9 semelhante a prender um fio el\u00e9trico na porta: quanto maior a press\u00e3o, maior o risco de falha na transmiss\u00e3o dos sinais. Isso explica a dor, o formigamento, a dorm\u00eancia e at\u00e9 a fraqueza muscular que muitos pacientes sentem.<\/p>\n<p>No caso de Xuxa, o desgaste natural do disco entre as v\u00e9rtebras L4-L5 aproximou as estruturas, diminuindo o espa\u00e7o para o nervo e causando a dor lombar intensa que irradiava principalmente para a perna esquerda.<\/p>\n<p>Embora seja comum com o envelhecimento, conforme refor\u00e7a a Cleveland Clinic, muitas pessoas t\u00eam estenose foraminal sem apresentar sintomas. Apenas cerca de\u00a017% dos casos severos\u00a0realmente causam dor ou altera\u00e7\u00f5es neurol\u00f3gicas percept\u00edveis.<\/p>\n<p><strong>Causas e fatores de risco<\/strong><\/p>\n<p>A degenera\u00e7\u00e3o dos discos \u00e9 a causa mais frequente, mas n\u00e3o \u00e9 a \u00fanica. A estenose foraminal tamb\u00e9m pode surgir por:<\/p>\n<ul>\n<li>M\u00e1 postura prolongada;<\/li>\n<li>Atividades f\u00edsicas de impacto ou sobrecarga;<\/li>\n<li>Flacidez abdominal, que aumenta a press\u00e3o na lombar;<\/li>\n<li>H\u00e9rnias de disco e bicos de papagaio;<\/li>\n<li>Escoliose e varia\u00e7\u00f5es anat\u00f4micas naturais;<\/li>\n<li>Cistos ou tumores na regi\u00e3o, embora sejam menos comuns.<\/li>\n<\/ul>\n","protected":false},"excerpt":{"rendered":"A apresentadora\u00a0Xuxa Meneghel, 62, passou por uma cirurgia na coluna lombar, em S\u00e3o Paulo, ap\u00f3s meses de Ccausada&hellip;\n","protected":false},"author":2,"featured_media":186380,"comment_status":"","ping_status":"","sticky":false,"template":"","format":"standard","meta":{"footnotes":""},"categories":[145],"tags":[2837,211,210,5953,37854,3904,1390,7875,5474,114,115,37852,37853,37851,11062,13036,4998,37849,24676,32,33,654,4209,577,37850,2757],"class_list":{"0":"post-186379","1":"post","2":"type-post","3":"status-publish","4":"format-standard","5":"has-post-thumbnail","7":"category-celebridades","8":"tag-2837","9":"tag-celebridades","10":"tag-celebrities","11":"tag-cirurgia","12":"tag-cleveland-clinic","13":"tag-coluna","14":"tag-despedida","15":"tag-disco","16":"tag-dor","17":"tag-entertainment","18":"tag-entretenimento","19":"tag-estenose","20":"tag-forame","21":"tag-foraminal","22":"tag-julho","23":"tag-lombar","24":"tag-mobilidade","25":"tag-nervos","26":"tag-neural","27":"tag-portugal","28":"tag-pt","29":"tag-sao-paulo","30":"tag-sintomas","31":"tag-turne","32":"tag-vertebras","33":"tag-xuxa-meneghel"},"share_on_mastodon":{"url":"https:\/\/pubeurope.com\/@pt\/115711169192477082","error":""},"_links":{"self":[{"href":"https:\/\/www.europesays.com\/pt\/wp-json\/wp\/v2\/posts\/186379","targetHints":{"allow":["GET"]}}],"collection":[{"href":"https:\/\/www.europesays.com\/pt\/wp-json\/wp\/v2\/posts"}],"about":[{"href":"https:\/\/www.europesays.com\/pt\/wp-json\/wp\/v2\/types\/post"}],"author":[{"embeddable":true,"href":"https:\/\/www.europesays.com\/pt\/wp-json\/wp\/v2\/users\/2"}],"replies":[{"embeddable":true,"href":"https:\/\/www.europesays.com\/pt\/wp-json\/wp\/v2\/comments?post=186379"}],"version-history":[{"count":0,"href":"https:\/\/www.europesays.com\/pt\/wp-json\/wp\/v2\/posts\/186379\/revisions"}],"wp:featuredmedia":[{"embeddable":true,"href":"https:\/\/www.europesays.com\/pt\/wp-json\/wp\/v2\/media\/186380"}],"wp:attachment":[{"href":"https:\/\/www.europesays.com\/pt\/wp-json\/wp\/v2\/media?parent=186379"}],"wp:term":[{"taxonomy":"category","embeddable":true,"href":"https:\/\/www.europesays.com\/pt\/wp-json\/wp\/v2\/categories?post=186379"},{"taxonomy":"post_tag","embeddable":true,"href":"https:\/\/www.europesays.com\/pt\/wp-json\/wp\/v2\/tags?post=186379"}],"curies":[{"name":"wp","href":"https:\/\/api.w.org\/{rel}","templated":true}]}}