{"id":186381,"date":"2025-12-13T07:56:15","date_gmt":"2025-12-13T07:56:15","guid":{"rendered":"https:\/\/www.europesays.com\/pt\/186381\/"},"modified":"2025-12-13T07:56:15","modified_gmt":"2025-12-13T07:56:15","slug":"rui-patricio-pendura-as-luvas-tive-convites-mas-queria-terminar-agora-futebol-nacional","status":"publish","type":"post","link":"https:\/\/www.europesays.com\/pt\/186381\/","title":{"rendered":"Rui Patr\u00edcio pendura as luvas: \u201cTive convites, mas queria terminar agora\u201d | Futebol nacional"},"content":{"rendered":"<p>Foram sensivelmente 20 anos de alta competi\u00e7\u00e3o e quase 30 de liga\u00e7\u00e3o directa aos relvados (e alguns pelados). Rui Patr\u00edcio <a href=\"https:\/\/www.publico.pt\/2025\/12\/10\/desporto\/noticia\/rui-patricio-termina-carreira-37-anos-2157685\" rel=\"nofollow noopener\" target=\"_blank\">anunciou h\u00e1 dias<\/a> que a carreira como futebolista chegou ao fim e nesta sexta-feira, na Cidade do Futebol, em Oeiras, formalizou a despedida. Vai arrumar as luvas na gaveta, mas continuar a respirar futebol, ainda que agora a um ritmo mais baixo.<\/p>\n<p>&#8220;\u00c9 um dia marcante na minha vida. Este foi o momento para o fazer e estou muito feliz. Tomei a decis\u00e3o de deixar o futebol porque \u00e9 isso que quero fazer agora. Podia ter continuado. Tive convites, mas queria terminar agora&#8221;, garantiu o guarda-redes, agora com 37 anos e com novos desafios em mente. &#8220;Comecei muito novo, aos 18 anos, na alta competi\u00e7\u00e3o e agora quero fazer outras coisas. Foi uma decis\u00e3o ponderada&#8221;.<\/p>\n<p>O agora antigo guardi\u00e3o, que com Portugal conquistou o Euro 2016, <a href=\"https:\/\/www.publico.pt\/2019\/06\/09\/desporto\/cronica_de_jogo\/saintdenis-porto-europa-pintada-vermelho-verde-1875941\" rel=\"nofollow noopener\" target=\"_blank\">a Liga das Na\u00e7\u00f5es de 2019<\/a> e se tornou no guarda-redes mais internacional de sempre, com 108 jogos, falava aos jornalistas ap\u00f3s a cerim\u00f3nia que decorreu na sede da Federa\u00e7\u00e3o Portuguesa de Futebol (FPF), em Oeiras.<\/p>\n<p>Patr\u00edcio, que a n\u00edvel de clubes representou Sporting, Wolverhampton, Roma, Atalanta e Al Ain, deixou no museu da FPF as chuteiras e as luvas que utilizou na final do Europeu de 2016, em Paris, e recebeu do presidente, Pedro Proen\u00e7a, a medalha de m\u00e9rito do organismo, bem como um trof\u00e9u e uma camisola a assinalar as 108 internacionaliza\u00e7\u00f5es.<\/p>\n<p>        &#13;<\/p>\n<p>&#13;<br \/>\n                &#13;\n            <\/p>\n<p>&#13;<\/p>\n<p>&#8220;Vou continuar ligado ao futebol, mas agora quero aproveitar o que n\u00e3o tive durante a carreira, que \u00e9 estar com a fam\u00edlia e filhos. Quero desfrutar. Depois de estar aqui vou, por exemplo, para a festa de Natal dos meus filhos, algo que antes n\u00e3o podia fazer&#8221;, referiu.<\/p>\n<p>&#8220;Acabo a carreira orgulhoso&#8221;<\/p>\n<p>Para Rui Patr\u00edcio, o melhor momento da carreira aconteceu precisamente na final do Euro2016, no Stade de France, quando fez uma grande <a href=\"https:\/\/www.publico.pt\/2017\/05\/22\/local\/noticia\/defesa-de-rui-patricio-imortalizada-em-estatua-para-honrar-os-emigrantes-1772836\" rel=\"nofollow noopener\" target=\"_blank\">defesa a um cabeceamento de Griezmann<\/a>, interven\u00e7\u00e3o que manteve, na altura, o 0-0 no marcador, surgindo depois o golo eterno de \u00c9der j\u00e1 no prolongamento (1-0).<\/p>\n<p>&#8220;Esse foi o momento mais importante por tudo o que veio a seguir. Foi a defesa que fiz na minha carreira que teve mais impacto. Acabo a carreira orgulhoso. Joguei onde tinha de jogar, joguei o que tinha de jogar&#8221;, concluiu.<\/p>\n<p>Na Cidade do Futebol, a cerim\u00f3nia de despedida de Rui Patr\u00edcio contou com v\u00eddeos dos melhores momentos da carreira do ex-jogador nascido em Leiria e teve a presen\u00e7a da sua fam\u00edlia, mas tamb\u00e9m de antigos colegas de selec\u00e7\u00e3o, como Adrien, Daniel Carri\u00e7o, Marco Caneira, Ricardo e \u00c9der, bem como do presidente do Sporting, Frederico Varandas.<\/p>\n<p>Lado a lado a assistir estiveram o actual seleccionador, Roberto Mart\u00ednez, Fernando Santos e Paulo Bento, que comandaram Patr\u00edcio na selec\u00e7\u00e3o nacional. Bento, quando comandava o Sporting, foi mesmo o treinador respons\u00e1vel pelo in\u00edcio da carreira profissional do ex-guardi\u00e3o e tamb\u00e9m foi quem lan\u00e7ou Patr\u00edcio na baliza de Portugal.<\/p>\n<p>        &#13;<\/p>\n<blockquote class=\"twitter-tweet\">\n<p lang=\"pt\" dir=\"ltr\">Fechou-se o cap\u00edtulo, fica a lenda ???? <a href=\"https:\/\/twitter.com\/hashtag\/FazHist%C3%B3ria?src=hash&amp;ref_src=twsrc%5Etfw\" rel=\"nofollow noopener\" target=\"_blank\">#FazHist\u00f3ria<\/a> <a href=\"https:\/\/t.co\/mNV3gxOkd8\" rel=\"nofollow\">pic.twitter.com\/mNV3gxOkd8<\/a><\/p>\n<p>\u2014 Portugal (@selecaoportugal) <a href=\"https:\/\/twitter.com\/selecaoportugal\/status\/1999469780453962208?ref_src=twsrc%5Etfw\" rel=\"nofollow noopener\" target=\"_blank\">December 12, 2025<\/a><\/p><\/blockquote>\n<p> &#13;<\/p>\n<p>&#8220;Na altura, sab\u00edamos que est\u00e1vamos perante algu\u00e9m com qualidades enormes a n\u00edvel t\u00e9cnico, t\u00e1ctico, f\u00edsico, emocional e mental. Com uma capacidade de trabalho e profissionalismo tremendo. Foi isso que o levou a construir uma carreira extraordin\u00e1ria&#8221;, avaliou Paulo Bento aos jornalistas.<\/p>\n<p>J\u00e1 Fernando Santos, que com Rui Patr\u00edcio <a href=\"https:\/\/www.publico.pt\/2016\/07\/10\/desporto\/noticia\/portugal-campeao-europeu-de-futebol-1737897\" rel=\"nofollow noopener\" target=\"_blank\">conquistou o Euro 2016<\/a> e a Liga das Na\u00e7\u00f5es de 2019, confessou que foi dos melhores guarda-redes com quem trabalhou.<\/p>\n<p>&#8220;Fez um percurso not\u00e1vel e foi fundamental na conquista do Europeu e da Liga das Na\u00e7\u00f5es como guarda-redes. Foi mais importante como homem e o que representava dentro do grupo de trabalho com a sua humildade, vontade e esp\u00edrito de sacrif\u00edcio. Era um dos l\u00edderes da equipa&#8221;, afirmou.<\/p>\n<p>Rui Patr\u00edcio estava sem clube desde o final de Junho, quando deixou o Al Ain, dos Emirados \u00c1rabes Unidos, ao servi\u00e7o do qual realizou somente dois encontros, ambos no Mundial de Clubes, depois de ter jogado nos italianos da Atalanta na \u00e9poca 2024-25.<\/p>\n<p>O ex-guardi\u00e3o fez a forma\u00e7\u00e3o no Sporting e representou a equipa principal dos &#8220;le\u00f5es&#8221; durante 12 anos, entre 2006\/07 e 2017\/18, num total de 467 jogos em todas as competi\u00e7\u00f5es, sem nunca ser campe\u00e3o nacional &#8211; arrecadou duas Ta\u00e7as de Portugal (2007\/08 e 2014\/15), duas Superta\u00e7as (2008 e 2015) e <a href=\"https:\/\/www.publico.pt\/2018\/01\/27\/desporto\/cronica_de_jogo\/penaltis-dao-o-primeiro-trofeu-da-epoca-ao-sporting-1801065\" rel=\"nofollow noopener\" target=\"_blank\">uma Ta\u00e7a da Liga (2017\/18)<\/a>.<\/p>\n<p>Agora, de acordo com Pedro Proen\u00e7a, que apelidou o antigo guardi\u00e3o de &#8220;lenda&#8221;, Rui Patr\u00edcio vai continuar ligado \u00e0 FPF &#8220;noutras responsabilidades&#8221;.<\/p>\n<p>            <script async src=\"https:\/\/platform.twitter.com\/widgets.js\" charset=\"utf-8\"><\/script><\/p>\n","protected":false},"excerpt":{"rendered":"Foram sensivelmente 20 anos de alta competi\u00e7\u00e3o e quase 30 de liga\u00e7\u00e3o directa aos relvados (e alguns pelados).&hellip;\n","protected":false},"author":2,"featured_media":186382,"comment_status":"","ping_status":"","sticky":false,"template":"","format":"standard","meta":{"footnotes":""},"categories":[87],"tags":[135,5560,280,32,33,134],"class_list":{"0":"post-186381","1":"post","2":"type-post","3":"status-publish","4":"format-standard","5":"has-post-thumbnail","7":"category-desporto","8":"tag-desporto","9":"tag-federacao-portuguesa-de-futebol","10":"tag-futebol-nacional","11":"tag-portugal","12":"tag-pt","13":"tag-sports"},"share_on_mastodon":{"url":"https:\/\/pubeurope.com\/@pt\/115711193132834400","error":""},"_links":{"self":[{"href":"https:\/\/www.europesays.com\/pt\/wp-json\/wp\/v2\/posts\/186381","targetHints":{"allow":["GET"]}}],"collection":[{"href":"https:\/\/www.europesays.com\/pt\/wp-json\/wp\/v2\/posts"}],"about":[{"href":"https:\/\/www.europesays.com\/pt\/wp-json\/wp\/v2\/types\/post"}],"author":[{"embeddable":true,"href":"https:\/\/www.europesays.com\/pt\/wp-json\/wp\/v2\/users\/2"}],"replies":[{"embeddable":true,"href":"https:\/\/www.europesays.com\/pt\/wp-json\/wp\/v2\/comments?post=186381"}],"version-history":[{"count":0,"href":"https:\/\/www.europesays.com\/pt\/wp-json\/wp\/v2\/posts\/186381\/revisions"}],"wp:featuredmedia":[{"embeddable":true,"href":"https:\/\/www.europesays.com\/pt\/wp-json\/wp\/v2\/media\/186382"}],"wp:attachment":[{"href":"https:\/\/www.europesays.com\/pt\/wp-json\/wp\/v2\/media?parent=186381"}],"wp:term":[{"taxonomy":"category","embeddable":true,"href":"https:\/\/www.europesays.com\/pt\/wp-json\/wp\/v2\/categories?post=186381"},{"taxonomy":"post_tag","embeddable":true,"href":"https:\/\/www.europesays.com\/pt\/wp-json\/wp\/v2\/tags?post=186381"}],"curies":[{"name":"wp","href":"https:\/\/api.w.org\/{rel}","templated":true}]}}