{"id":186393,"date":"2025-12-13T08:22:09","date_gmt":"2025-12-13T08:22:09","guid":{"rendered":"https:\/\/www.europesays.com\/pt\/186393\/"},"modified":"2025-12-13T08:22:09","modified_gmt":"2025-12-13T08:22:09","slug":"a-geracao-baby-boomer-nao-quer-morrer-por-isso-investe-imenso-dinheiro-em-evita-lo-entrevista-ao-nobel-da-quimica-2009","status":"publish","type":"post","link":"https:\/\/www.europesays.com\/pt\/186393\/","title":{"rendered":"\u201cA gera\u00e7\u00e3o \u2018baby boomer\u2019 n\u00e3o quer morrer. Por isso, investe imenso dinheiro em evit\u00e1-lo\u201d: entrevista ao Nobel da Qu\u00edmica 2009"},"content":{"rendered":"<p class=\"texto\">Nasceu na \u00cdndia, em 1952, onde se formou em F\u00edsica. Mas nunca foi esse o seu caminho. Depois de obter o doutoramento, come\u00e7ou tudo de novo para se tornar bi\u00f3logo molecular. Aquele que, em 2009, receberia o Nobel da Qu\u00edmica, junto a mais dois cientistas, pela sua pesquisa sobre a estrutura e as fun\u00e7\u00f5es do ribossoma \u2014 relatada ao detalhe no seu livro de mem\u00f3rias \u201cGene Machine\u201d, de 2018. Ap\u00f3s tr\u00eas d\u00e9cadas nos EUA, mudou-se para Cambridge, Inglaterra, e ali dirige o importante Medical Research Council Laboratory of Molecular Biology. Presidente da Royal Society entre 2015 e 2020, publica agora \u201cPorque Morremos\u201d, editado pela Temas e Debates, que este ano j\u00e1 venceu o Pr\u00e9mio de Melhor Livro de Biologia atribu\u00eddo pela Associa\u00e7\u00e3o de Editores Americanos. Venki Ramakrishnan escreveu-o com um prop\u00f3sito: dar aos leitores as ferramentas mentais que lhes permitam, no meio da avalanche de informa\u00e7\u00e3o sobre como contrariar o envelhecimento e fomentar a longevidade, distinguir a magia, ou o extremo otimismo, da verdadeira ci\u00eancia. \u201cN\u00e3o sendo um livro de receitas que nos diz o que fazer, ao apostar no conhecimento e na informa\u00e7\u00e3o, a receita acaba por vir do pr\u00f3prio leitor\u201d, diz nesta conversa com o Expresso. <\/p>\n<p><a href=\"https:\/\/expresso.pt\/subscrever?action=GEN&amp;channel=BAF&amp;type=CAP&amp;source=WEB&amp;returnUrl=https:\/\/expresso.pt\/semanario\/revista-e\/-e\/2025-12-11-a-geracao-baby-boomer-nao-quer-morrer.-por-isso-investe-imenso-dinheiro-em-evita-lo-entrevista-ao-nobel-da-quimica-2009-7242b7da&amp;utm_source=expresso&amp;utm_medium=locked_article&amp;locked=true&amp;article_id=0482e5af-f8ea-46ee-8fe6-aba01fd8b4e2&amp;author_id=Luciana+Leiderfarb&amp;category=+E\" target=\"_self\" class=\"\" rel=\"nofollow noopener\">Subscrever<\/a>J\u00e1 \u00e9 Subscritor?Fa\u00e7a login e continue a ler<a href=\"http:\/\/expresso.pt\/codigo?redirectUrl=https:\/\/expresso.pt\/semanario\/revista-e\/-e\/2025-12-11-a-geracao-baby-boomer-nao-quer-morrer.-por-isso-investe-imenso-dinheiro-em-evita-lo-entrevista-ao-nobel-da-quimica-2009-7242b7da\" target=\"_self\" class=\"\" rel=\"nofollow noopener\">Inserir C\u00f3digo<\/a>Comprou o Expresso?Insira o c\u00f3digo presente na Revista E para continuar a ler<\/p>\n","protected":false},"excerpt":{"rendered":"Nasceu na \u00cdndia, em 1952, onde se formou em F\u00edsica. Mas nunca foi esse o seu caminho. Depois&hellip;\n","protected":false},"author":2,"featured_media":186394,"comment_status":"","ping_status":"","sticky":false,"template":"","format":"standard","meta":{"footnotes":""},"categories":[8],"tags":[27,28,15,16,14,25,26,21,22,12,13,19,20,32,23,24,33,17,18,29,30,31],"class_list":{"0":"post-186393","1":"post","2":"type-post","3":"status-publish","4":"format-standard","5":"has-post-thumbnail","7":"category-principais-noticias","8":"tag-breaking-news","9":"tag-breakingnews","10":"tag-featured-news","11":"tag-featurednews","12":"tag-headlines","13":"tag-latest-news","14":"tag-latestnews","15":"tag-main-news","16":"tag-mainnews","17":"tag-news","18":"tag-noticias","19":"tag-noticias-principais","20":"tag-noticiasprincipais","21":"tag-portugal","22":"tag-principais-noticias","23":"tag-principaisnoticias","24":"tag-pt","25":"tag-top-stories","26":"tag-topstories","27":"tag-ultimas","28":"tag-ultimas-noticias","29":"tag-ultimasnoticias"},"share_on_mastodon":{"url":"https:\/\/pubeurope.com\/@pt\/115711295129122759","error":""},"_links":{"self":[{"href":"https:\/\/www.europesays.com\/pt\/wp-json\/wp\/v2\/posts\/186393","targetHints":{"allow":["GET"]}}],"collection":[{"href":"https:\/\/www.europesays.com\/pt\/wp-json\/wp\/v2\/posts"}],"about":[{"href":"https:\/\/www.europesays.com\/pt\/wp-json\/wp\/v2\/types\/post"}],"author":[{"embeddable":true,"href":"https:\/\/www.europesays.com\/pt\/wp-json\/wp\/v2\/users\/2"}],"replies":[{"embeddable":true,"href":"https:\/\/www.europesays.com\/pt\/wp-json\/wp\/v2\/comments?post=186393"}],"version-history":[{"count":0,"href":"https:\/\/www.europesays.com\/pt\/wp-json\/wp\/v2\/posts\/186393\/revisions"}],"wp:featuredmedia":[{"embeddable":true,"href":"https:\/\/www.europesays.com\/pt\/wp-json\/wp\/v2\/media\/186394"}],"wp:attachment":[{"href":"https:\/\/www.europesays.com\/pt\/wp-json\/wp\/v2\/media?parent=186393"}],"wp:term":[{"taxonomy":"category","embeddable":true,"href":"https:\/\/www.europesays.com\/pt\/wp-json\/wp\/v2\/categories?post=186393"},{"taxonomy":"post_tag","embeddable":true,"href":"https:\/\/www.europesays.com\/pt\/wp-json\/wp\/v2\/tags?post=186393"}],"curies":[{"name":"wp","href":"https:\/\/api.w.org\/{rel}","templated":true}]}}