{"id":186395,"date":"2025-12-13T08:23:12","date_gmt":"2025-12-13T08:23:12","guid":{"rendered":"https:\/\/www.europesays.com\/pt\/186395\/"},"modified":"2025-12-13T08:23:12","modified_gmt":"2025-12-13T08:23:12","slug":"taina-militao-mostra-mudanca-no-visual-de-eder-militao-e-se-declara-me-pega-muito","status":"publish","type":"post","link":"https:\/\/www.europesays.com\/pt\/186395\/","title":{"rendered":"Tain\u00e1 Milit\u00e3o mostra mudan\u00e7a no visual de Eder Milit\u00e3o e se declara: &#8216;Me pega muito&#8217;"},"content":{"rendered":"<p>Tain\u00e1 ficou longe de \u00c9der enquanto aproveitava uma viagem entre amigas em S\u00e3o Miguel dos Milagres, em Alagoas.\u00a0Nesta sexta-feira (12), a influenciadora compartilhou que os momentos de lazer chegaram ao fim. \u201cO \u00faltimo dia no para\u00edso\u201d, escreveu ela em uma publica\u00e7\u00e3o feita de biqu\u00edni.<\/p>\n<p class=\" content-text__container \" data-track-category=\"Link no Texto\" data-track-links=\"\" data-mrf-recirculation=\"Article links\">Desde o in\u00edcio da semana, Tain\u00e1 tem compartilhado registros de sua passagem por S\u00e3o Miguel dos Milagres, em Alagoas. A influenciadora fez cliques de biqu\u00edni na piscina e mostrou que sabe andar a cavalo.<\/p>\n","protected":false},"excerpt":{"rendered":"Tain\u00e1 ficou longe de \u00c9der enquanto aproveitava uma viagem entre amigas em S\u00e3o Miguel dos Milagres, em Alagoas.\u00a0Nesta&hellip;\n","protected":false},"author":2,"featured_media":186396,"comment_status":"","ping_status":"","sticky":false,"template":"","format":"standard","meta":{"footnotes":""},"categories":[145],"tags":[211,210,114,115,32,33],"class_list":{"0":"post-186395","1":"post","2":"type-post","3":"status-publish","4":"format-standard","5":"has-post-thumbnail","7":"category-celebridades","8":"tag-celebridades","9":"tag-celebrities","10":"tag-entertainment","11":"tag-entretenimento","12":"tag-portugal","13":"tag-pt"},"share_on_mastodon":{"url":"https:\/\/pubeurope.com\/@pt\/115711299102874028","error":""},"_links":{"self":[{"href":"https:\/\/www.europesays.com\/pt\/wp-json\/wp\/v2\/posts\/186395","targetHints":{"allow":["GET"]}}],"collection":[{"href":"https:\/\/www.europesays.com\/pt\/wp-json\/wp\/v2\/posts"}],"about":[{"href":"https:\/\/www.europesays.com\/pt\/wp-json\/wp\/v2\/types\/post"}],"author":[{"embeddable":true,"href":"https:\/\/www.europesays.com\/pt\/wp-json\/wp\/v2\/users\/2"}],"replies":[{"embeddable":true,"href":"https:\/\/www.europesays.com\/pt\/wp-json\/wp\/v2\/comments?post=186395"}],"version-history":[{"count":0,"href":"https:\/\/www.europesays.com\/pt\/wp-json\/wp\/v2\/posts\/186395\/revisions"}],"wp:featuredmedia":[{"embeddable":true,"href":"https:\/\/www.europesays.com\/pt\/wp-json\/wp\/v2\/media\/186396"}],"wp:attachment":[{"href":"https:\/\/www.europesays.com\/pt\/wp-json\/wp\/v2\/media?parent=186395"}],"wp:term":[{"taxonomy":"category","embeddable":true,"href":"https:\/\/www.europesays.com\/pt\/wp-json\/wp\/v2\/categories?post=186395"},{"taxonomy":"post_tag","embeddable":true,"href":"https:\/\/www.europesays.com\/pt\/wp-json\/wp\/v2\/tags?post=186395"}],"curies":[{"name":"wp","href":"https:\/\/api.w.org\/{rel}","templated":true}]}}