{"id":186403,"date":"2025-12-13T08:37:15","date_gmt":"2025-12-13T08:37:15","guid":{"rendered":"https:\/\/www.europesays.com\/pt\/186403\/"},"modified":"2025-12-13T08:37:15","modified_gmt":"2025-12-13T08:37:15","slug":"joao-gomes-rejeita-mansao-moderna-em-condominio-de-luxo-e-busca-erguer-casa-de-sertao-r7-entretenimento","status":"publish","type":"post","link":"https:\/\/www.europesays.com\/pt\/186403\/","title":{"rendered":"Jo\u00e3o Gomes rejeita mans\u00e3o moderna em condom\u00ednio de luxo e busca erguer \u2018casa de sert\u00e3o\u2019 \u2013 R7 Entretenimento"},"content":{"rendered":"<p>LEIA AQUI O RESUMO DA NOT\u00cdCIA<\/p>\n<ul class=\"b-article-body-custom-embed-brief-news__list\" style=\"margin: 0; padding-left: 20px; list-style-type: disc;\">\n<li>Jo\u00e3o Gomes rejeitou a proposta de uma mans\u00e3o moderna em Alphaville, Petrolina.<\/li>\n<li>O cantor deseja construir uma resid\u00eancia t\u00edpica do sert\u00e3o, com alpendre e varanda ampla.<\/li>\n<li>A empresa Gama Arquitetura apresentou um projeto que n\u00e3o atendeu \u00e0s expectativas do artista.<\/li>\n<li>Ap\u00f3s rejeitar a primeira proposta, os arquitetos desenvolveram um novo projeto que foi aprovado por Jo\u00e3o.<\/li>\n<\/ul>\n<p style=\"font-size: 0.8em; font-style: italic; text-align: right; margin-top: 15px; padding-bottom: 5px; margin-bottom: 0;\">Produzido pela Ri7a &#8211; a Intelig\u00eancia Artificial do R7<\/p>\n<p><img decoding=\"async\" data-chromatic=\"ignore\" alt=\"Empresa fez uma postagem mostrando detalhes da mans&#xE3;o recusada\" class=\"c-image\" loading=\"lazy\" src=\"https:\/\/www.europesays.com\/pt\/wp-content\/uploads\/2025\/12\/HTWAIR4PSFBONHB4PFDZVW3UZE.jpg\"  width=\"1200\" height=\"1698\"\/>Empresa fez uma postagem mostrando detalhes da mans\u00e3o recusada Reprodu\u00e7\u00e3o\/Instagram <\/p>\n<p class=\"jarvics:base-text-neutral-high-400 base-text-[calc(theme(fontSize.xs)_*_var(--font-size,_1))] base-font-normal base-font-primary base-text-neutral-low-500 base-text-left\">Jo\u00e3o Gomes recusou o projeto de uma mans\u00e3o moderna no condom\u00ednio Alphaville, em Petrolina. O cantor afirmou que enfrenta dificuldade para construir a casa que idealiza. Ele quer uma <a href=\"https:\/\/entretenimento.r7.com\/prisma\/fabiola-reipert\/video\/joao-gomes-critica-projeto-de-arquitetos-e-revela-por-que-nao-quis-casa-quadrada-12122025\/\" target=\"_blank\" rel=\"noreferrer nofollow noopener\" title=\"https:\/\/entretenimento.r7.com\/prisma\/fabiola-reipert\/video\/joao-gomes-critica-projeto-de-arquitetos-e-revela-por-que-nao-quis-casa-quadrada-12122025\/\">resid\u00eancia t\u00edpica do sert\u00e3o<\/a> nos dois terrenos que comprou no local.<\/p>\n<p class=\"jarvics:base-text-neutral-high-400 base-text-[calc(theme(fontSize.xs)_*_var(--font-size,_1))] base-font-normal base-font-primary base-text-neutral-low-500 base-text-left\">O <a href=\"https:\/\/entretenimento.r7.com\/prisma\/fabiola-reipert\/video\/apos-ganhar-cinco-trofeus-joao-gomes-passa-perrengue-com-van-no-rj-10122025\/\" target=\"_blank\" rel=\"noreferrer nofollow noopener\" title=\"https:\/\/entretenimento.r7.com\/prisma\/fabiola-reipert\/video\/apos-ganhar-cinco-trofeus-joao-gomes-passa-perrengue-com-van-no-rj-10122025\/\">artista <\/a>contou que contratou uma empresa de arquitetura para desenvolver o projeto, mas se frustrou com a proposta inicial. Os arquitetos apresentaram um <a href=\"https:\/\/record.r7.com\/balanco-geral\/joao-gomes-leva-grammy-latino-e-esposa-perde-o-momento-ao-trocar-o-filho-ahoradavenenosa-shorts-14112025\/\" target=\"_blank\" rel=\"noreferrer nofollow noopener\" title=\"https:\/\/record.r7.com\/balanco-geral\/joao-gomes-leva-grammy-latino-e-esposa-perde-o-momento-ao-trocar-o-filho-ahoradavenenosa-shorts-14112025\/\">modelo moderno<\/a>, alinhado ao padr\u00e3o das mans\u00f5es do condom\u00ednio. Jo\u00e3o buscava uma casa de alpendre, comum em \u00e1reas rurais e marcada por uma varanda ampla e coberta na entrada.<\/p>\n<p class=\"jarvics:base-text-neutral-high-400 base-text-[calc(theme(fontSize.xs)_*_var(--font-size,_1))] base-font-normal base-font-primary base-text-neutral-low-500 base-text-left\">\u201cComprei terreno e na hora de fazer a casa n\u00e3o deu certo. Porque as casas que eu achava bonito eram as do sert\u00e3o, aqueles casar\u00f5es grand\u00f5es, de alpendre, e ningu\u00e9m queria fazer essas casas no condom\u00ednio de Alphaville\u201d, disse o cantor no podcast Prosa Sertanejo. \u201cS\u00f3 queriam fazer as casas quadradas. Ningu\u00e9m estava sabendo fazer a casa do jeito que eu quero. Tive que pagar a arquiteta e o terreno est\u00e1 l\u00e1 at\u00e9 agora, s\u00e3o dois, um do lado do outro\u201d, afirmou.<\/p>\n<p class=\"jarvics:base-text-neutral-high-400 base-text-[calc(theme(fontSize.xs)_*_var(--font-size,_1))] base-font-normal base-font-primary base-text-neutral-low-500 base-text-left\">A empresa respons\u00e1vel, a Gama Arquitetura, de Petrolina, divulgou imagens da mans\u00e3o recusada e um registro de reuni\u00e3o com Jo\u00e3o e Ary Mirelle. Em publica\u00e7\u00e3o, a equipe informou que o primeiro desenho n\u00e3o refletiu o estilo desejado pelo cantor e que desenvolveu uma nova proposta ap\u00f3s revis\u00f5es. A empresa relatou que o projeto atualizado foi aprovado por Jo\u00e3o e tamb\u00e9m pelo condom\u00ednio. Os arquitetos participaram de quatro reuni\u00f5es com o artista desde julho de 2023. Os dois terrenos somam 600 metros quadrados.<\/p>\n<p class=\"jarvics:base-text-neutral-high-400 base-text-[calc(theme(fontSize.xs)_*_var(--font-size,_1))] base-font-normal base-font-primary base-text-neutral-low-500 base-text-left\">A mans\u00e3o rejeitada tem linhas retas, uso amplo de vidro e madeira natural. A proposta inclui portas de vidro que se abrem para um deck com espregui\u00e7adeiras e piscina integrada \u00e0 sala. O segundo andar tem varanda com pain\u00e9is de madeira. O conjunto forma um im\u00f3vel de alto padr\u00e3o que n\u00e3o corresponde ao desejo de Jo\u00e3o de erguer uma casa de sert\u00e3o.<\/p>\n<p><video controls=\"\" class=\"video-js\" preload=\"metadata\" poster=\"https:\/\/d22yf0mxeu0gma.cloudfront.net\/12-12-2025\/t_51153a7503c846ada17eba26c226d7a2_name_Jo_o_Gomes__1_.jpg\" title=\"Jo&#xE3;o Gomes critica projeto de arquitetos e revela por que n&#xE3;o quis &#x2018;casa quadrada&#x2019;\" data-sprite-url=\"\" data-metadata=\"{&quot;title&quot;:&quot;Jo&#xE3;o Gomes critica projeto de arquitetos e revela por que n&#xE3;o quis &#x2018;casa quadrada&#x2019;&quot;,&quot;sectionName&quot;:&quot;R7&quot;,&quot;mainSection&quot;:&quot;Famosos e TV&quot;,&quot;subSection&quot;:&quot;&quot;,&quot;views&quot;:&quot;&quot;,&quot;disableAdv&quot;:&quot;false&quot;,&quot;createdDate&quot;:&quot;2025-12-12T19:30:05Z&quot;,&quot;mainSectionUrl&quot;:&quot;https:\/\/entretenimento.r7.com\/prisma\/fabiola-reipert\/video\/joao-gomes-critica-projeto-de-arquitetos-e-revela-por-que-nao-quis-casa-quadrada-12122025\/&quot;,&quot;sectionPath&quot;:&quot;https:\/\/entretenimento.r7.com\/prisma\/fabiola-reipert&quot;,&quot;ageRating&quot;:&quot;&quot;,&quot;ageRatingDescription&quot;:&quot;&quot;,&quot;duration&quot;:258410,&quot;playerUrl&quot;:&quot;https:\/\/entretenimento.r7.com\/player\/5a2d9e3c-38e0-434c-a0ca-193d6b72a856\/&quot;}\" data-player-params=\"{&quot;p&quot;:&quot;true&quot;,&quot;autoPlay&quot;:&quot;false&quot;,&quot;logo&quot;:&quot;true&quot;,&quot;playlistId&quot;:&quot;false&quot;,&quot;calhau&quot;:&quot;false&quot;,&quot;share&quot;:&quot;true&quot;,&quot;sz&quot;:&quot;false&quot;,&quot;full&quot;:&quot;true&quot;,&quot;customAdHash&quot;:&quot;\/7542\/R7entretenimento\/famosostv&quot;,&quot;referrerUrl&quot;:&quot;&quot;,&quot;externalLinks&quot;:&quot;true&quot;,&quot;debug&quot;:&quot;false&quot;,&quot;debugHash&quot;:&quot;false&quot;,&quot;debugRelated&quot;:&quot;false&quot;,&quot;timerRelated&quot;:&quot;true&quot;,&quot;logoRecord&quot;:&quot;false&quot;,&quot;contextModal&quot;:&quot;false&quot;,&quot;parentUrl&quot;:&quot;https:\/\/record.r7.com\/&quot;,&quot;t&quot;:&quot;0&quot;,&quot;noTitle&quot;:false,&quot;endBehavior&quot;:&quot;default&quot;}\" data-related-videos=\"[{&quot;title&quot;:&quot;Eduardo Costa revela m&#xE1;goa de amigo ap&#xF3;s mal-entendido&quot;,&quot;thumb&quot;:&quot;https:\/\/d22yf0mxeu0gma.cloudfront.net\/12-12-2025\/t_5e1281f7e3944280b0755abd28ab0078_name_Eduardo_Costa.jpg&quot;,&quot;url&quot;:&quot;https:\/\/entretenimento.r7.com\/prisma\/fabiola-reipert\/video\/eduardo-costa-revela-magoa-de-amigo-apos-mal-entendido-12122025\/&quot;,&quot;embedUrl&quot;:&quot;https:\/\/entretenimento.r7.com\/player\/97e60ab5-710f-4cf9-9c88-0810d1a5c2fc\/&quot;},{&quot;title&quot;:&quot;Leo, da dupla com Victor, revela que sofreu com s&#xED;ndrome do p&#xE2;nico no auge da fama&quot;,&quot;thumb&quot;:&quot;https:\/\/d22yf0mxeu0gma.cloudfront.net\/12-12-2025\/t_7d8ed0aa12194c9f91f19281aa0e3cd7_name_L_o_Chaves.jpg&quot;,&quot;url&quot;:&quot;https:\/\/entretenimento.r7.com\/prisma\/fabiola-reipert\/video\/leo-da-dupla-com-victor-revela-que-sofreu-com-sindrome-do-panico-no-auge-da-fama-12122025\/&quot;,&quot;embedUrl&quot;:&quot;https:\/\/entretenimento.r7.com\/player\/3e453877-9947-45f5-8321-624055a1d068\/&quot;},{&quot;title&quot;:&quot;Alceu Valen&#xE7;a cancela show em Santos (SP) ap&#xF3;s diagn&#xF3;stico de diverticulite&quot;,&quot;thumb&quot;:&quot;https:\/\/d22yf0mxeu0gma.cloudfront.net\/12-12-2025\/t_ca827168285641bc98440e86eea47a78_name_Alceu_Valen_a.jpg&quot;,&quot;url&quot;:&quot;https:\/\/entretenimento.r7.com\/prisma\/fabiola-reipert\/video\/alceu-valenca-cancela-show-em-santos-sp-apos-diagnostico-de-diverticulite-12122025\/&quot;,&quot;embedUrl&quot;:&quot;https:\/\/entretenimento.r7.com\/player\/135ddeb0-8bd3-48a3-b299-cffef9c32c1d\/&quot;}]\" data-player-url=\"https:\/\/entretenimento.r7.com\/player\/5a2d9e3c-38e0-434c-a0ca-193d6b72a856\/\" data-arc-video=\"\" data-arc-id=\"5a2d9e3c-38e0-434c-a0ca-193d6b72a856\" data-short=\"false\" style=\"visibility:hidden\"><\/video><\/p>\n<p class=\"jarvics:base-text-neutral-high-400 base-text-[calc(theme(fontSize.xs)_*_var(--font-size,_1))] base-font-normal base-font-primary base-text-neutral-low-500 base-text-left\"><b>Para saber tudo do mundo dos famosos, <\/b><a href=\"https:\/\/whatsapp.com\/channel\/0029Va9UfKcHQbRyCyhPt71R\" rel=\"nofollow noopener\" target=\"_blank\"><b>siga o canal de entretenimento do R7<\/b><\/a><b>, o portal de not\u00edcias da RECORD, no WhatsApp<\/b><\/p>\n","protected":false},"excerpt":{"rendered":"LEIA AQUI O RESUMO DA NOT\u00cdCIA Jo\u00e3o Gomes rejeitou a proposta de uma mans\u00e3o moderna em Alphaville, Petrolina.&hellip;\n","protected":false},"author":2,"featured_media":186404,"comment_status":"","ping_status":"","sticky":false,"template":"","format":"standard","meta":{"footnotes":""},"categories":[145],"tags":[211,210,114,115,980,32,33,151],"class_list":{"0":"post-186403","1":"post","2":"type-post","3":"status-publish","4":"format-standard","5":"has-post-thumbnail","7":"category-celebridades","8":"tag-celebridades","9":"tag-celebrities","10":"tag-entertainment","11":"tag-entretenimento","12":"tag-famosos","13":"tag-portugal","14":"tag-pt","15":"tag-tv"},"share_on_mastodon":{"url":"https:\/\/pubeurope.com\/@pt\/115711354261042175","error":""},"_links":{"self":[{"href":"https:\/\/www.europesays.com\/pt\/wp-json\/wp\/v2\/posts\/186403","targetHints":{"allow":["GET"]}}],"collection":[{"href":"https:\/\/www.europesays.com\/pt\/wp-json\/wp\/v2\/posts"}],"about":[{"href":"https:\/\/www.europesays.com\/pt\/wp-json\/wp\/v2\/types\/post"}],"author":[{"embeddable":true,"href":"https:\/\/www.europesays.com\/pt\/wp-json\/wp\/v2\/users\/2"}],"replies":[{"embeddable":true,"href":"https:\/\/www.europesays.com\/pt\/wp-json\/wp\/v2\/comments?post=186403"}],"version-history":[{"count":0,"href":"https:\/\/www.europesays.com\/pt\/wp-json\/wp\/v2\/posts\/186403\/revisions"}],"wp:featuredmedia":[{"embeddable":true,"href":"https:\/\/www.europesays.com\/pt\/wp-json\/wp\/v2\/media\/186404"}],"wp:attachment":[{"href":"https:\/\/www.europesays.com\/pt\/wp-json\/wp\/v2\/media?parent=186403"}],"wp:term":[{"taxonomy":"category","embeddable":true,"href":"https:\/\/www.europesays.com\/pt\/wp-json\/wp\/v2\/categories?post=186403"},{"taxonomy":"post_tag","embeddable":true,"href":"https:\/\/www.europesays.com\/pt\/wp-json\/wp\/v2\/tags?post=186403"}],"curies":[{"name":"wp","href":"https:\/\/api.w.org\/{rel}","templated":true}]}}