{"id":186411,"date":"2025-12-13T08:51:21","date_gmt":"2025-12-13T08:51:21","guid":{"rendered":"https:\/\/www.europesays.com\/pt\/186411\/"},"modified":"2025-12-13T08:51:21","modified_gmt":"2025-12-13T08:51:21","slug":"estenose-foraminal-entenda-doenca-que-fez-xuxa-passar-por-cirurgia-2","status":"publish","type":"post","link":"https:\/\/www.europesays.com\/pt\/186411\/","title":{"rendered":"Estenose foraminal: entenda doen\u00e7a que fez Xuxa passar por cirurgia"},"content":{"rendered":"<p>A apresentadora <strong>Xuxa Meneghel<\/strong> teve de fazer uma <strong>cirurgia na coluna<\/strong> para tratar uma dor cr\u00f4nica. O procedimento foi realizado na segunda-feira (8), em S\u00e3o Paulo, para tratar uma\u00a0<strong>estenose foraminal<\/strong>.<\/p>\n<p>Xuxa relatou sentir dor h\u00e1 <strong>oito meses na regi\u00e3o <a href=\"https:\/\/saude.abril.com.br\/coluna\/com-a-palavra\/dor-lombar-6-habitos-mais-prejudiciais-do-que-ma-postura\/\" rel=\"nofollow noopener\" target=\"_blank\">lombar<\/a><\/strong>, irradiando para as pernas.<\/p>\n<p>Embora n\u00e3o existam dados consolidados sobre a estenose foraminal, \u00e9 comum diagnosticar a condi\u00e7\u00e3o em pessoas com mais de 55 anos. A probabilidade da doen\u00e7a aparecer aumenta com a idade.<\/p>\n<p><strong>+Leia tamb\u00e9m:\u00a0<a href=\"https:\/\/saude.abril.com.br\/medicina\/estenose-aortica-o-disturbio-que-causou-a-morte-de-jo-soares\/\" rel=\"nofollow noopener\" target=\"_blank\">Estenose a\u00f3rtica, o dist\u00farbio que causou a morte de J\u00f4 Soares<\/a><\/strong><\/p>\n<p><strong>O que \u00e9 estenose foraminal?<\/strong><\/p>\n<p>A estenose foraminal ocorre quando <strong>uma das aberturas das v\u00e9rtebras se estreita ou fica bloqueada<\/strong>. Esses espa\u00e7os, uma esp\u00e9cie de \u201ct\u00fanel nos ossos\u201d chamado de \u201cforame\u201d, servem para abrigar a <a href=\"https:\/\/saude.abril.com.br\/medicina\/o-que-e-escoliose-como-tratar\/\" rel=\"nofollow noopener\" target=\"_blank\"><strong>coluna espinhal<\/strong><\/a> e est\u00e3o presentes em todas as <a href=\"https:\/\/saude.abril.com.br\/medicina\/tiago-iorc-hernia-disco\/\" rel=\"nofollow noopener\" target=\"_blank\">v\u00e9rtebras<\/a>.<\/p>\n<p>Com o estreitamento ou bloqueio dessa abertura, <strong>o nervo \u00e9 pressionado<\/strong>, o que provoca <strong>dor que pode irradiar para outras partes do corpo<\/strong>, como os bra\u00e7os e pernas.<\/p>\n<p>A estenose foraminal ganha <strong>diferentes classifica\u00e7\u00f5es<\/strong> de acordo com a parte de coluna afetada. Ela pode ser cervical, tor\u00e1cica, lombar, ou ainda sacral (quando afeta a parte inferior das costas e a p\u00e9lvis) ou cocc\u00edgea (quando afeta o c\u00f3ccix).<\/p>\n<p>    Continua ap\u00f3s a publicidade<\/p>\n<p>A principal causa da estenose \u00e9 o <a href=\"https:\/\/saude.abril.com.br\/medicina\/estilo-de-vida-saudavel-reduz-significativamente-a-dor-nas-costas\/\" rel=\"nofollow noopener\" target=\"_blank\">desgaste da coluna<\/a>, comum com o avan\u00e7ar da idade. H\u00e9rnias de disco, espondilolistese, traumas de repeti\u00e7\u00e3o, fibrose p\u00f3s cirurgia, escoliose e les\u00f5es tamb\u00e9m podem estar relacionados ao surgimento da estenose.<\/p>\n<p><strong>Principais sintomas<\/strong><\/p>\n<p>Muitas vezes, a estenose foraminal avan\u00e7a <strong>sem provocar sintomas.<\/strong> Em outros casos, pode haver dor forte na coluna, que afeta tamb\u00e9m os membros superiores e inferiores, que ainda podem perfer for\u00e7a.<\/p>\n<p>Tamb\u00e9m \u00e9 poss\u00edvel sentir <strong>choques<\/strong> e <strong>formigamentos<\/strong> nos bra\u00e7os e pernas. Outra sensa\u00e7\u00e3o \u00e9 a <a href=\"https:\/\/saude.abril.com.br\/medicina\/parestesia-por-que-a-dormencia-nos-membros-ocorre-e-quando-se-preocupar\/\" rel=\"nofollow noopener\" target=\"_blank\">dorm\u00eancia<\/a> nos membros.<\/p>\n<p>S\u00f3 um <a href=\"https:\/\/saude.abril.com.br\/medicina\/joelhos-sem-dor-o-que-fazer-hoje-para-caminhar-bem-amanha\/\" rel=\"nofollow noopener\" target=\"_blank\">ortopedista<\/a>, de prefer\u00eancia um especialista em coluna, pode diagnosticar o problema. <strong>Exames<\/strong> como <a href=\"https:\/\/saude.abril.com.br\/medicina\/ressonancia-magnetica-o-que-e-e-para-que-serve\/\" rel=\"nofollow noopener\" target=\"_blank\">resson\u00e2ncia magn\u00e9tica<\/a> e tomografia computadorizada s\u00e3o necess\u00e1rios para confirmar o diagn\u00f3stico. Outros testes podem ser pedidos de maneira auxiliar \u00e0 avalia\u00e7\u00e3o.<\/p>\n<p>    Continua ap\u00f3s a publicidade<\/p>\n<p>Vale explicar ao m\u00e9dico <strong>quando a dor costuma aparecer e em qual ponto da coluna<\/strong>. A estenose que atinge a lombar, o caso de Xuxa, costuma melhorar quando a pessoa est\u00e1 sentada, e se acentua quando ela fica em p\u00e9.<\/p>\n<p><strong>Como tratar?<\/strong><\/p>\n<p>A <strong>cirurgia<\/strong> \u00e9 uma das vias de tratamento. Casos graves costumam exigir interven\u00e7\u00e3o cir\u00fargica. H\u00e1 diferentes estrat\u00e9gias cir\u00fargicas, a depender da localiza\u00e7\u00e3o da estenose e da gravidade do caso.<\/p>\n<p>Outros casos podem ser tratados com <strong>fisioterapia<\/strong> aliada \u00e0 <a href=\"https:\/\/saude.abril.com.br\/coluna\/com-a-palavra\/10-conselhos-de-um-medico-para-quem-vai-comecar-a-se-exercitar\/\" rel=\"nofollow noopener\" target=\"_blank\">atividade f\u00edsica<\/a>. A medida ajuda a fortalecer os m\u00fasculos, melhorar a postura e, por consequ\u00eancia, fortalecer a coluna. Perder peso pode ser necess\u00e1rio quanto a estenose est\u00e1 associada ao sobrepeso.<\/p>\n<p>Medica\u00e7\u00f5es entram como forma de aliviar a dor, relaxar a musculatura e combater a inflama\u00e7\u00e3o associada. Em algumas situa\u00e7\u00f5es, usar colar cervical ou colete para imobilizar parte da coluna pode ser indicado.<\/p>\n<p>    Continua ap\u00f3s a publicidade<\/p>\n<p>Se n\u00e3o for tratada, a estenose foraminal pode causar danos permanentes aos nervos da coluna, devido \u00e0 press\u00e3o.<\/p>\n<p>\u00a0<\/p>\n<p>Compartilhe essa mat\u00e9ria via:<\/p>\n","protected":false},"excerpt":{"rendered":"A apresentadora Xuxa Meneghel teve de fazer uma cirurgia na coluna para tratar uma dor cr\u00f4nica. O procedimento&hellip;\n","protected":false},"author":2,"featured_media":186412,"comment_status":"","ping_status":"","sticky":false,"template":"","format":"standard","meta":{"footnotes":""},"categories":[145],"tags":[211,210,114,115,32,33],"class_list":{"0":"post-186411","1":"post","2":"type-post","3":"status-publish","4":"format-standard","5":"has-post-thumbnail","7":"category-celebridades","8":"tag-celebridades","9":"tag-celebrities","10":"tag-entertainment","11":"tag-entretenimento","12":"tag-portugal","13":"tag-pt"},"share_on_mastodon":{"url":"https:\/\/pubeurope.com\/@pt\/115711409065033468","error":""},"_links":{"self":[{"href":"https:\/\/www.europesays.com\/pt\/wp-json\/wp\/v2\/posts\/186411","targetHints":{"allow":["GET"]}}],"collection":[{"href":"https:\/\/www.europesays.com\/pt\/wp-json\/wp\/v2\/posts"}],"about":[{"href":"https:\/\/www.europesays.com\/pt\/wp-json\/wp\/v2\/types\/post"}],"author":[{"embeddable":true,"href":"https:\/\/www.europesays.com\/pt\/wp-json\/wp\/v2\/users\/2"}],"replies":[{"embeddable":true,"href":"https:\/\/www.europesays.com\/pt\/wp-json\/wp\/v2\/comments?post=186411"}],"version-history":[{"count":0,"href":"https:\/\/www.europesays.com\/pt\/wp-json\/wp\/v2\/posts\/186411\/revisions"}],"wp:featuredmedia":[{"embeddable":true,"href":"https:\/\/www.europesays.com\/pt\/wp-json\/wp\/v2\/media\/186412"}],"wp:attachment":[{"href":"https:\/\/www.europesays.com\/pt\/wp-json\/wp\/v2\/media?parent=186411"}],"wp:term":[{"taxonomy":"category","embeddable":true,"href":"https:\/\/www.europesays.com\/pt\/wp-json\/wp\/v2\/categories?post=186411"},{"taxonomy":"post_tag","embeddable":true,"href":"https:\/\/www.europesays.com\/pt\/wp-json\/wp\/v2\/tags?post=186411"}],"curies":[{"name":"wp","href":"https:\/\/api.w.org\/{rel}","templated":true}]}}