{"id":186430,"date":"2025-12-13T09:16:10","date_gmt":"2025-12-13T09:16:10","guid":{"rendered":"https:\/\/www.europesays.com\/pt\/186430\/"},"modified":"2025-12-13T09:16:10","modified_gmt":"2025-12-13T09:16:10","slug":"pm-do-paquistao-interrompe-reuniao-entre-putin-e-erdogan-observador","status":"publish","type":"post","link":"https:\/\/www.europesays.com\/pt\/186430\/","title":{"rendered":"PM do Paquist\u00e3o interrompe reuni\u00e3o entre Putin e Erdo\u011fan \u2013 Observador"},"content":{"rendered":"<p>A impaci\u00eancia tomou conta do primeiro-ministro do Paquist\u00e3o, Shehbaz Sharif, que ia ter um encontro bilateral com o Presidente russo, Vladimir Putin, que o deixou \u00e0 espera por v\u00e1rios minutos, no Turquemenist\u00e3o, onde v\u00e1rios l\u00edderes se reuniram esta sexta-feira num f\u00f3rum internacional em Ashgabat, dedicado ao 30.\u00ba anivers\u00e1rio da independ\u00eancia do pa\u00eds da \u00c1sia Central.<\/p>\n<p>Acompanhado pelas c\u00e2maras de televis\u00e3o e pelos seguran\u00e7as, saindo da divis\u00e3o onde esperava, o primeiro-ministro paquistan\u00eas <strong>interrompeu a meio a reuni\u00e3o<\/strong> que Vladimir Putin estava a ter com o hom\u00f3logo turco, Recep Tayyip Erdo\u011fan. Shehbaz Sharif <a href=\"https:\/\/www.indiatoday.in\/world\/story\/pakistan-pm-shehbaz-sharif-waits-minutes-before-entering-putin-erdogan-meeting-turkmenistan-2835218-2025-12-12\" rel=\"nofollow noopener\" target=\"_blank\">comunicou<\/a> ao Presidente russo que teria de se ir embora em pouco tempo.<\/p>\n<blockquote class=\"twitter-tweet\" data-width=\"500\" data-dnt=\"true\">\n<p lang=\"en\" dir=\"ltr\">???? WATCH: Diplomatic incident: The Prime Minister of Pakistan got tired of wasting time, so after waiting 40 minutes for President Putin, he burst in during Putin&#8217;s meeting with President Erdogan. <a href=\"https:\/\/t.co\/8fwhpHE1gE\" rel=\"nofollow\">pic.twitter.com\/8fwhpHE1gE<\/a><\/p>\n<p>\u2014 Raylan Givens (@JewishWarrior13) <a href=\"https:\/\/twitter.com\/JewishWarrior13\/status\/1999489270952919226?ref_src=twsrc%5Etfw\" rel=\"nofollow noopener\" target=\"_blank\">December 12, 2025<\/a><\/p>\n<\/blockquote>\n<p>Depois de ter entrado na sala onde se reuniam o Presidente turco e Vladimir Putin, Shehbaz Sharif reuniu-se com os dois l\u00edderes e saiu poucos minutos depois, acompanhado pelos seus seguran\u00e7as.<\/p>\n<p><a href=\"https:\/\/ria.ru\/20251212\/peregovory-2061662222.html\" rel=\"nofollow noopener\" target=\"_blank\">Segundo a ag\u00eancia de not\u00edcias RIA<\/a>, as negocia\u00e7\u00f5es entre o Presidente russo e o hom\u00f3logo turco duraram uma hora e meia, contando, pelo meio, com a participa\u00e7\u00e3o do primeiro-ministro do Paquist\u00e3o.<\/p>\n<blockquote class=\"twitter-tweet\" data-width=\"500\" data-dnt=\"true\">\n<p lang=\"en\" dir=\"ltr\">Putin humiliated the leader of a nuclear power<\/p>\n<p>Pakistan&#8217;s Prime Minister Sharif found himself in an awkward situation, waiting for over 40 minutes to meet with Putin.<\/p>\n<p>When he grew tired of waiting, he unexpectedly entered the room where Putin was already holding talks with\u2026 <a href=\"https:\/\/t.co\/ZJh6Xs6nGR\" rel=\"nofollow\">pic.twitter.com\/ZJh6Xs6nGR<\/a><\/p>\n<p>\u2014 NEXTA (@nexta_tv) <a href=\"https:\/\/twitter.com\/nexta_tv\/status\/1999504516777934985?ref_src=twsrc%5Etfw\" rel=\"nofollow noopener\" target=\"_blank\">December 12, 2025<\/a><\/p>\n<\/blockquote>\n<p>            <script async src=\"https:\/\/platform.twitter.com\/widgets.js\" charset=\"utf-8\"><\/script><\/p>\n","protected":false},"excerpt":{"rendered":"A impaci\u00eancia tomou conta do primeiro-ministro do Paquist\u00e3o, Shehbaz Sharif, que ia ter um encontro bilateral com o&hellip;\n","protected":false},"author":2,"featured_media":186431,"comment_status":"","ping_status":"","sticky":false,"template":"","format":"standard","meta":{"footnotes":""},"categories":[50],"tags":[27,28,15,16,14,25,26,21,22,62,12,13,19,20,37858,23,24,3879,17,18,3546,29,30,31,2415,63,64,65],"class_list":{"0":"post-186430","1":"post","2":"type-post","3":"status-publish","4":"format-standard","5":"has-post-thumbnail","7":"category-mundo","8":"tag-breaking-news","9":"tag-breakingnews","10":"tag-featured-news","11":"tag-featurednews","12":"tag-headlines","13":"tag-latest-news","14":"tag-latestnews","15":"tag-main-news","16":"tag-mainnews","17":"tag-mundo","18":"tag-news","19":"tag-noticias","20":"tag-noticias-principais","21":"tag-noticiasprincipais","22":"tag-paquistu00e3o","23":"tag-principais-noticias","24":"tag-principaisnoticias","25":"tag-ru00fassia","26":"tag-top-stories","27":"tag-topstories","28":"tag-u00c1sia","29":"tag-ultimas","30":"tag-ultimas-noticias","31":"tag-ultimasnoticias","32":"tag-vladimir-putin","33":"tag-world","34":"tag-world-news","35":"tag-worldnews"},"share_on_mastodon":{"url":"https:\/\/pubeurope.com\/@pt\/115711507400267016","error":""},"_links":{"self":[{"href":"https:\/\/www.europesays.com\/pt\/wp-json\/wp\/v2\/posts\/186430","targetHints":{"allow":["GET"]}}],"collection":[{"href":"https:\/\/www.europesays.com\/pt\/wp-json\/wp\/v2\/posts"}],"about":[{"href":"https:\/\/www.europesays.com\/pt\/wp-json\/wp\/v2\/types\/post"}],"author":[{"embeddable":true,"href":"https:\/\/www.europesays.com\/pt\/wp-json\/wp\/v2\/users\/2"}],"replies":[{"embeddable":true,"href":"https:\/\/www.europesays.com\/pt\/wp-json\/wp\/v2\/comments?post=186430"}],"version-history":[{"count":0,"href":"https:\/\/www.europesays.com\/pt\/wp-json\/wp\/v2\/posts\/186430\/revisions"}],"wp:featuredmedia":[{"embeddable":true,"href":"https:\/\/www.europesays.com\/pt\/wp-json\/wp\/v2\/media\/186431"}],"wp:attachment":[{"href":"https:\/\/www.europesays.com\/pt\/wp-json\/wp\/v2\/media?parent=186430"}],"wp:term":[{"taxonomy":"category","embeddable":true,"href":"https:\/\/www.europesays.com\/pt\/wp-json\/wp\/v2\/categories?post=186430"},{"taxonomy":"post_tag","embeddable":true,"href":"https:\/\/www.europesays.com\/pt\/wp-json\/wp\/v2\/tags?post=186430"}],"curies":[{"name":"wp","href":"https:\/\/api.w.org\/{rel}","templated":true}]}}