{"id":186455,"date":"2025-12-13T09:48:26","date_gmt":"2025-12-13T09:48:26","guid":{"rendered":"https:\/\/www.europesays.com\/pt\/186455\/"},"modified":"2025-12-13T09:48:26","modified_gmt":"2025-12-13T09:48:26","slug":"trump-processado-por-obras-de-salao-de-baile-na-casa-branca-observador","status":"publish","type":"post","link":"https:\/\/www.europesays.com\/pt\/186455\/","title":{"rendered":"Trump processado por obras de sal\u00e3o de baile na Casa Branca \u2013 Observador"},"content":{"rendered":"<p>Donald Trump foi processado esta sexta-feira por uma organiza\u00e7\u00e3o de preserva\u00e7\u00e3o hist\u00f3rica, que pede a um juiz em Washington que trave a\u00a0 constru\u00e7\u00e3o do sal\u00e3o de baile na Casa Branca.<\/p>\n<p>O <a href=\"https:\/\/www.washingtonpost.com\/politics\/2025\/12\/12\/trump-ballroom-lawsuit-construction\/\" target=\"_blank\" rel=\"noopener nofollow\">Washington Post<\/a> escreve que o processo foi apresentado pela organiza\u00e7\u00e3o sem fins lucrativos National Trust for Historic Preservation. Esta organiza\u00e7\u00e3o foi incumbida pelo Congresso dos EUA de desenvolver trabalhos para preservar edif\u00edcios hist\u00f3ricos.<\/p>\n<p>No processo, apresentado no tribunal de Columbia, \u00e9 pedido que a justi\u00e7a trave os trabalhos de constru\u00e7\u00e3o do projeto de Trump. A associa\u00e7\u00e3o argumenta que os trabalhos em curso s\u00e3o ilegais e inconstitucionais e que, portanto, <strong>a constru\u00e7\u00e3o deve ser suspensa enquanto o tema \u00e9 analisado.<\/strong><\/p>\n<p>A National Trust argumenta que a administra\u00e7\u00e3o norte-americana n\u00e3o passou pelas <strong>revis\u00f5es exigidas por lei<\/strong> ou pediu autoriza\u00e7\u00e3o ao Congresso para o projeto. \u201c<strong>Nenhum Presidente tem permiss\u00e3o legal para destruir partes da Casa Branca sem qualquer an\u00e1lise<\/strong> \u2014 nem o Presidente Trump, nem o Presidente Joe Biden, ningu\u00e9m\u201d, cita o <a href=\"https:\/\/www.washingtonpost.com\/politics\/2025\/12\/12\/trump-ballroom-lawsuit-construction\/\" target=\"_blank\" rel=\"noopener nofollow\">Washington Post<\/a> a partir da queixa.<\/p>\n<p>Carol Quillen, CEO da National Trust, declarou que \u201co processo \u00e9 o \u00faltimo recurso\u201d da associa\u00e7\u00e3o, que j\u00e1 tinha pedido \u00e0 administra\u00e7\u00e3o Trump para fazer uma pausa nos trabalhos. \u201cServimos as pessoas e as pessoas n\u00e3o est\u00e3o a ser servidas por este processo.\u201d<\/p>\n<p>Este \u00e9 a primeira a\u00e7\u00e3o legal contra o plano de Donald Trump. O Presidente dos EUA<a href=\"https:\/\/observador.pt\/2025\/10\/22\/vai-ser-lindo-ala-este-da-casa-branca-demolida-para-erguer-salao-de-baile-de-215-milhoes-de-trump\/\" target=\"_blank\" rel=\"noopener nofollow\"> avan\u00e7ou em outubro com os trabalhos para demolir<\/a> a Ala Este da Casa Branca, onde dever\u00e1 ficar o sal\u00e3o de baile.\u00a0\u201cDurante mais de 150 anos, todos os Presidentes sonharam ter um sal\u00e3o de baile na Casa Branca para acolher pessoas para grandes festas e visitas de Estado\u201d, afirmou em outubro Donald Trump, quando come\u00e7aram as obras. \u201cTenho a honra de anunciar que sou o primeiro Presidente a finalmente dar in\u00edcio a este projeto necess\u00e1rio \u2014 e com custo zero dos contribuintes americanos!\u201d, escreveu Donald Trump na sua <a href=\"https:\/\/truthsocial.com\/@realDonaldTrump\/posts\/115408594704490513\" target=\"_blank\" rel=\"noopener nofollow\">rede social Truth Social.<\/a><\/p>\n<blockquote class=\"wp-embedded-content\" data-secret=\"GbfYIJ46DN\">\n<p><a href=\"https:\/\/observador.pt\/2025\/10\/22\/vai-ser-lindo-ala-este-da-casa-branca-demolida-para-erguer-salao-de-baile-de-215-milhoes-de-trump\/\" rel=\"nofollow noopener\" target=\"_blank\">\u201cVai ser lindo\u201d. Ala este da Casa Branca demolida para erguer sal\u00e3o de baile de 215 milh\u00f5es de Trump<\/a><\/p>\n<\/blockquote>\n<p>O projeto inicial previa a constru\u00e7\u00e3o de um sal\u00e3o com mais de oito mil metros quadrados e 650 lugares sentados, tr\u00eas vezes mais do que o atual espa\u00e7o de festas da Casa Branca. Mas, segundo informa\u00e7\u00e3o avan\u00e7ada pela <a href=\"https:\/\/www.bloomberg.com\/news\/articles\/2025-12-10\/trump-s-white-house-ballroom-project-remains-huge-despite-new-architect\" target=\"_blank\" rel=\"noopener nofollow\">Bloomberg esta quarta-feira,<\/a> devido a uma altera\u00e7\u00e3o recente no projeto arquitet\u00f3nico a obra ter\u00e1 crescido para 8.300 metros quadrados e espa\u00e7o para 999 pessoas. A obra deveria custar 250 milh\u00f5es de d\u00f3lares, 213 milh\u00f5es de euros, com Trump a afirmar que ir\u00e1 pagar do seu bolso, com a ajuda de <strong>\u201cgenerosos patriotas\u201d<\/strong> que fizeram donativos para o projeto. Com a altera\u00e7\u00e3o, os custos ter\u00e3o subido para 350 milh\u00f5es de d\u00f3lares, o equivalente a 298 milh\u00f5es de euros.<\/p>\n","protected":false},"excerpt":{"rendered":"Donald Trump foi processado esta sexta-feira por uma organiza\u00e7\u00e3o de preserva\u00e7\u00e3o hist\u00f3rica, que pede a um juiz em&hellip;\n","protected":false},"author":2,"featured_media":186456,"comment_status":"","ping_status":"","sticky":false,"template":"","format":"standard","meta":{"footnotes":""},"categories":[50],"tags":[624,27,28,5914,92,623,15,16,14,25,26,21,22,62,12,13,19,20,4497,23,24,17,18,29,30,31,63,64,65],"class_list":{"0":"post-186455","1":"post","2":"type-post","3":"status-publish","4":"format-standard","5":"has-post-thumbnail","7":"category-mundo","8":"tag-amu00e9rica","9":"tag-breaking-news","10":"tag-breakingnews","11":"tag-casa-branca","12":"tag-donald-trump","13":"tag-estados-unidos-da-amu00e9rica","14":"tag-featured-news","15":"tag-featurednews","16":"tag-headlines","17":"tag-latest-news","18":"tag-latestnews","19":"tag-main-news","20":"tag-mainnews","21":"tag-mundo","22":"tag-news","23":"tag-noticias","24":"tag-noticias-principais","25":"tag-noticiasprincipais","26":"tag-presidente-trump","27":"tag-principais-noticias","28":"tag-principaisnoticias","29":"tag-top-stories","30":"tag-topstories","31":"tag-ultimas","32":"tag-ultimas-noticias","33":"tag-ultimasnoticias","34":"tag-world","35":"tag-world-news","36":"tag-worldnews"},"share_on_mastodon":{"url":"https:\/\/pubeurope.com\/@pt\/115711633406346328","error":""},"_links":{"self":[{"href":"https:\/\/www.europesays.com\/pt\/wp-json\/wp\/v2\/posts\/186455","targetHints":{"allow":["GET"]}}],"collection":[{"href":"https:\/\/www.europesays.com\/pt\/wp-json\/wp\/v2\/posts"}],"about":[{"href":"https:\/\/www.europesays.com\/pt\/wp-json\/wp\/v2\/types\/post"}],"author":[{"embeddable":true,"href":"https:\/\/www.europesays.com\/pt\/wp-json\/wp\/v2\/users\/2"}],"replies":[{"embeddable":true,"href":"https:\/\/www.europesays.com\/pt\/wp-json\/wp\/v2\/comments?post=186455"}],"version-history":[{"count":0,"href":"https:\/\/www.europesays.com\/pt\/wp-json\/wp\/v2\/posts\/186455\/revisions"}],"wp:featuredmedia":[{"embeddable":true,"href":"https:\/\/www.europesays.com\/pt\/wp-json\/wp\/v2\/media\/186456"}],"wp:attachment":[{"href":"https:\/\/www.europesays.com\/pt\/wp-json\/wp\/v2\/media?parent=186455"}],"wp:term":[{"taxonomy":"category","embeddable":true,"href":"https:\/\/www.europesays.com\/pt\/wp-json\/wp\/v2\/categories?post=186455"},{"taxonomy":"post_tag","embeddable":true,"href":"https:\/\/www.europesays.com\/pt\/wp-json\/wp\/v2\/tags?post=186455"}],"curies":[{"name":"wp","href":"https:\/\/api.w.org\/{rel}","templated":true}]}}