{"id":186457,"date":"2025-12-13T09:49:23","date_gmt":"2025-12-13T09:49:23","guid":{"rendered":"https:\/\/www.europesays.com\/pt\/186457\/"},"modified":"2025-12-13T09:49:23","modified_gmt":"2025-12-13T09:49:23","slug":"greve-2-milhoes-mudaram-de-rotina-mas-industria-nao-parou-observador","status":"publish","type":"post","link":"https:\/\/www.europesays.com\/pt\/186457\/","title":{"rendered":"Greve. 2 milh\u00f5es mudaram de rotina, mas ind\u00fastria n\u00e3o parou &#8211; Observador"},"content":{"rendered":"<ol>\n<li><a href=\"https:\/\/news.google.com\/rss\/articles\/CBMi_wFBVV95cUxNejN1LUsyRVB2bW1xMDRCd3dGQ0I2X3FMUnBYQmxqUGVzcHU1M2x0dkduYjFTX1M1aHhQZjZVMHFHMk05ZExUMV9hWHloeTB2RU1BUEkzQkdReDhmeHhyQTQyVVBLaXdUbTN0LW80OENpMDkwaHplN3h4NFllbTZINFFpQmdia3hMekxSODRKZmZUemlqeEh6T0RLRzNKRlNxYzNENzJ2OXZoZ2hqYl9iYzZGX2FhTUxOLWMxcC0yRElJMkl0MEtGU29pU2VLem02Q0tPZmFzYzNvb3NPXzJoX2UzWUJrWEduU3VPY2taM25MMm50bVVNeUxZNHg3cVk?oc=5\" target=\"_blank\" rel=\"nofollow noopener\">Greve. 2 milh\u00f5es mudaram de rotina, mas ind\u00fastria n\u00e3o parou<\/a>&nbsp;&nbsp;Observador<\/li>\n<li><a href=\"https:\/\/news.google.com\/rss\/articles\/CBMiogFBVV95cUxPdXNMNDQ2V1ZjRmEyQUpDYmc3WUhILXphcFd5aFp6dWpjTk5RZzc4VlE1YVl0Z3c5VUw5UnZDSFZyMUpHU21HQ3l6R0hiSFdkNTkwYmtpR2N2OGNxTm4zOWRTcFhRRHNKRk9GbVQwbHpMSTVtVFVlbnBvTnJHVWJZaHpjd0MwMHE0cmNpTTh6MzlhUTJfN3h3THJLXzMzXzdYeWc?oc=5\" target=\"_blank\" rel=\"nofollow noopener\">Governo b\u00falgaro demite-se depois de v\u00e1rios protestos<\/a>&nbsp;&nbsp;SAPO<\/li>\n<li><a href=\"https:\/\/news.google.com\/rss\/articles\/CBMiqAJBVV95cUxON1JjOHk4b0JOVFFSMFJ3ZHE5b0J6NW5ZU0tpTUJteDNLSDNOVlVfcVZNcDB1TWRfLVNKSmtqLXdHbHU1RFBQdy0xOWk5R18xYm9FQ0dDa3JJZGVCT1NidVNsam9UaHNsZVdVQVY2RGxUck5tMnltZjRBQUJCVkMzWGJWQzFkemNmc09GbUpsRmJLWjZaSXZMUTVIcWF0NzRlX1FmREhmam5vY2xRUGVMYkZaSTNIbkpfZHhVaDRnUlkyMUJtamVYeEFJdUV0VlAwbUludE9xR0kwQXhxT2s4dnlmLV9TcjU3QzhQTzlGWEs3cjFXOUFFWkpCbWdiYy04SkthN0FVN005UTlkN1N6T0dkay1KVkVPOGdFYVZHSUlXYU1SN01NVQ?oc=5\" target=\"_blank\" rel=\"nofollow noopener\">Sebasti\u00e3o Bugalho acredita que a greve geral &#8220;n\u00e3o foi muito geral, mas um flop&#8221;: &#8220;N\u00edvel de consumo de energia foi igual a um dia de trabalho normal&#8221;<\/a>&nbsp;&nbsp;CNN Portugal<\/li>\n<li><a href=\"https:\/\/news.google.com\/rss\/articles\/CBMihgFBVV95cUxNTDFPN3I1YUU2Um1LUUR4OUJYVmVfeGx1dXFyZWJLS3N4M3ZVSkYyRktGRTd1Sks3c0pGV2pZUGRjdFRJeklEaVkwcVhsNnM0MWdlMnNKUWZyblhIV1pmN3g2Wk5Oa0FuREYwT1NNa08yeGNxTTdpNFdXbHFOVEJjUVh0QzRIQQ?oc=5\" target=\"_blank\" rel=\"nofollow noopener\">Consumo de eletricidade aumentou 6,3% em dia de greve<\/a>&nbsp;&nbsp;Di\u00e1rio de Not\u00edcias<\/li>\n<li><a href=\"https:\/\/news.google.com\/rss\/articles\/CBMi6AFBVV95cUxPOEVPbEhsQl9fQ0xVTDVnZy02aXdmRmRoNjZvZkhMUk5Rb0ZEU0gyWXN5Tjk3RmF6ck05OFRVM3FWSEdDdU5vV2pBWmdnb2Q5MlVjckZlQW9EQnJqbGNPNDM0SncyWVQtTVdsNHpwejNoZTRtTVlsY2VQYVgwcU5faDRBMnRsaHBqTHNSUVFNQmd5SDI5REdhMjhhY21aTWJ1dWxpY3ZRM3gyWWRuZnZTNTZIV211RkpGbHFTMHBZSXVvY0tNbnljbHVNdHhSSG9mOVA1RjltaXdBZFpHbnlGNVpOZnB4WkQy0gHuAUFVX3lxTFBrUUQ4X3VEaVctZ202MkVNTmZfR0EyRi1aeGY3T1MyYkdkWk1vS2M1U002c1c0Tk5Fa1V3ZXVSRUcxcWJxVExURGNJd2dWZEtJY0F5Ul92b2pSZ1Vab05TNl9rdW1VOVAyYnpNREUzSENaOFp3OWIzUTZzeU1oSjFiNTJhUkQyRGhqN1pKcEZidm1PNnpBbWFvT21PUWNFdW44aEZJMFRLVGZGT0VtemVNSm8tV19iWTU1amJza1MzdjR1X25iRU8zSWxOTVZwcWk1TmhtRjBiVEthN21zeURGYUdEQ1BkQmhTd2wxV3c?oc=5\" target=\"_blank\" rel=\"nofollow noopener\">Greve geral: consumo de eletricidade esta quinta-feira pr\u00f3ximo do habitual em dias \u00fateis<\/a>&nbsp;&nbsp;Expresso<\/li>\n<\/ol>\n","protected":false},"excerpt":{"rendered":"Greve. 2 milh\u00f5es mudaram de rotina, mas ind\u00fastria n\u00e3o parou&nbsp;&nbsp;Observador Governo b\u00falgaro demite-se depois de v\u00e1rios protestos&nbsp;&nbsp;SAPO Sebasti\u00e3o&hellip;\n","protected":false},"author":2,"featured_media":183701,"comment_status":"","ping_status":"","sticky":false,"template":"","format":"standard","meta":{"footnotes":""},"categories":[10],"tags":[27,28,15,16,14,25,26,21,22,12,13,19,20,32,23,24,33,17,18,29,30,31],"class_list":{"0":"post-186457","1":"post","2":"type-post","3":"status-publish","4":"format-standard","5":"has-post-thumbnail","7":"category-portugal","8":"tag-breaking-news","9":"tag-breakingnews","10":"tag-featured-news","11":"tag-featurednews","12":"tag-headlines","13":"tag-latest-news","14":"tag-latestnews","15":"tag-main-news","16":"tag-mainnews","17":"tag-news","18":"tag-noticias","19":"tag-noticias-principais","20":"tag-noticiasprincipais","21":"tag-portugal","22":"tag-principais-noticias","23":"tag-principaisnoticias","24":"tag-pt","25":"tag-top-stories","26":"tag-topstories","27":"tag-ultimas","28":"tag-ultimas-noticias","29":"tag-ultimasnoticias"},"share_on_mastodon":{"url":"https:\/\/pubeurope.com\/@pt\/115711637266457522","error":""},"_links":{"self":[{"href":"https:\/\/www.europesays.com\/pt\/wp-json\/wp\/v2\/posts\/186457","targetHints":{"allow":["GET"]}}],"collection":[{"href":"https:\/\/www.europesays.com\/pt\/wp-json\/wp\/v2\/posts"}],"about":[{"href":"https:\/\/www.europesays.com\/pt\/wp-json\/wp\/v2\/types\/post"}],"author":[{"embeddable":true,"href":"https:\/\/www.europesays.com\/pt\/wp-json\/wp\/v2\/users\/2"}],"replies":[{"embeddable":true,"href":"https:\/\/www.europesays.com\/pt\/wp-json\/wp\/v2\/comments?post=186457"}],"version-history":[{"count":0,"href":"https:\/\/www.europesays.com\/pt\/wp-json\/wp\/v2\/posts\/186457\/revisions"}],"wp:featuredmedia":[{"embeddable":true,"href":"https:\/\/www.europesays.com\/pt\/wp-json\/wp\/v2\/media\/183701"}],"wp:attachment":[{"href":"https:\/\/www.europesays.com\/pt\/wp-json\/wp\/v2\/media?parent=186457"}],"wp:term":[{"taxonomy":"category","embeddable":true,"href":"https:\/\/www.europesays.com\/pt\/wp-json\/wp\/v2\/categories?post=186457"},{"taxonomy":"post_tag","embeddable":true,"href":"https:\/\/www.europesays.com\/pt\/wp-json\/wp\/v2\/tags?post=186457"}],"curies":[{"name":"wp","href":"https:\/\/api.w.org\/{rel}","templated":true}]}}