{"id":186462,"date":"2025-12-13T09:59:27","date_gmt":"2025-12-13T09:59:27","guid":{"rendered":"https:\/\/www.europesays.com\/pt\/186462\/"},"modified":"2025-12-13T09:59:27","modified_gmt":"2025-12-13T09:59:27","slug":"jose-neto-e-tiago-freitas-recordam-estreia-caiu-uma-lagrimazinha","status":"publish","type":"post","link":"https:\/\/www.europesays.com\/pt\/186462\/","title":{"rendered":"Jos\u00e9 Neto e Tiago Freitas recordam estreia: \u00abCaiu uma lagrimazinha\u00bb"},"content":{"rendered":"<p>Tiago Freitas (19 anos) e Jos\u00e9 Neto (17 anos) revisitaram as sensa\u00e7\u00f5es vividas\u00a0no Est\u00e1dio da Luz na passada quarta-feira, aquando da estreia pela equipa principal das \u00e1guias no duelo com o N\u00e1poles, <strong><a href=\"https:\/\/maisfutebol.iol.pt\/liga-dos-campeoes\/liga-campeoes\/champions-benfica-napoles-2-0-cronica\" rel=\"nofollow noopener\" target=\"_blank\">na 6.\u00aa jornada da fase de liga da Champions (2-0).<\/a><\/strong><\/p>\n<p>Em entrevista aos meios do Benfica publicada nesta sexta-feira \u00e0 noite, Tiago Freitas recordou o momento:\u00a0<\/p>\n<p>\u00abEu estava no banco e at\u00e9 estava atr\u00e1s do m\u00edster. Virou-se e disse &#8216;vai mostrar os esquemas t\u00e1ticos ao Freitas&#8217;. Eu estava atr\u00e1s e at\u00e9 fiquei assim meio surpreso, porque n\u00e3o estava \u00e0 espera. Depois, quando foi para entrar, foi uma sensa\u00e7\u00e3o inexplic\u00e1vel. Quando vou a entrar, olho para tr\u00e1s e vejo o trabalho todo que tive, todos os sacrif\u00edcios meus e da minha fam\u00edlia, dos meus amigos. Isso tudo valeu a pena\u00bb, diz.<\/p>\n<p>J\u00e1 o lateral Jos\u00e9 Neto, campe\u00e3o mundial e bastante elogiado por Mourinho na antevis\u00e3o, sublinhou as palavras do treinador antes de entrar em campo.\u00a0<\/p>\n<p>\u00abForam palavras de confian\u00e7a para me motivar, tamb\u00e9m para aproveitar, porque era um momento \u00fanico, e acho que foram palavras que eu encarei de forma correta e que me ajudaram muito tamb\u00e9m no momento em que me estreei pelo Benfica\u00bb, afirma.<\/p>\n<p>Tiago Freitas, m\u00e9dio de 19 anos natural de Castro Daire, admite at\u00e9 uma \u00ablagrimazinha\u00bb ao sair do balne\u00e1rio.<\/p>\n<p>\u00abN\u00e3o liguei a ningu\u00e9m, porque os meus pais estavam c\u00e1 [no Est\u00e1dio da Luz], e a minha preocupa\u00e7\u00e3o era despachar-me, sair do balne\u00e1rio e ir ter com eles, e, quando cheguei ao p\u00e9 deles, caiu uma lagrimazinha no olho. Tamb\u00e9m estava c\u00e1 a minha av\u00f3, a minha irm\u00e3. A forma de festejar \u00e9 melhor quando \u00e9 com eles, e gostei muito\u00bb, recordou.<\/p>\n<p>\u00abFalei logo com a minha m\u00e3e e com o meu irm\u00e3o, que estavam por l\u00e1. Tamb\u00e9m liguei ao meu pai. Depois, tamb\u00e9m liguei aos meus av\u00f3s, estive com eles, \u00e0 minha namorada. S\u00e3o pessoas que s\u00e3o muito importantes para mim, e, quando acabou o jogo, depois do al\u00edvio, depois de respirar um pouco, s\u00e3o pessoas que me vieram logo \u00e0 mem\u00f3ria\u00bb, conta o colega Jos\u00e9 Neto.<\/p>\n<p> O dia em que Mourinho perguntou a Jos\u00e9 Neto se se \u00abaguentava l\u00e1 dentro\u00bb <\/p>\n<p>A dupla contou ainda aos meios do clube hist\u00f3rias com o treinador Jos\u00e9 Mourinho. Em particular, \u00e0 hora de jantar.\u00a0<\/p>\n<p>\u00abEu, por norma, janto no Benfica Campus, como ainda sou residente. Como o m\u00edster tamb\u00e9m tem jantado agora aqui, acab\u00e1mos por nos cruzar um dia, e ele perguntou-me, num tom de brincadeira, se me metesse l\u00e1 dentro, &#8216;aguentas-te?&#8217;, e eu referi que sim, que estava pronto para encarar o desafio\u00bb, relata Jos\u00e9 Neto, revelando ainda o dia em que negou uma boleia de Jos\u00e9 Mourinho e preferiu ir de Uber.<\/p>\n<p>\u00abEu e o meu colega trein\u00e1mos os dois juntos, depois \u00edamos para a escola, para o col\u00e9gio que frequentamos, e est\u00e1vamos \u00e0 espera do Uber na altura, e o m\u00edster saiu de carro. Acabou por ser engra\u00e7ado, porque nos perguntou onde \u00e9 que \u00edamos, se precis\u00e1vamos de boleia, mas n\u00f3s est\u00e1vamos sentados no ch\u00e3o e acab\u00e1mos por responder que n\u00e3o, que est\u00e1vamos \u00e0 espera do Uber. T\u00ednhamos aula de matem\u00e1tica, ent\u00e3o est\u00e1vamos \u00e0 espera do Uber ali.\u00bb<\/p>\n<p>Tamb\u00e9m Tiago Freitas partilhou bons momentos com o treinador \u00e0 mesa. \u00abTive um bom conv\u00edvio com ele num jantar, eu e o Rodrigo R\u00eago. Estivemos l\u00e1 a falar, a rir-nos. O m\u00edster contou-nos algumas hist\u00f3rias que ele passou noutros clubes, e foi engra\u00e7ado\u00bb, diz.<\/p>\n","protected":false},"excerpt":{"rendered":"Tiago Freitas (19 anos) e Jos\u00e9 Neto (17 anos) revisitaram as sensa\u00e7\u00f5es vividas\u00a0no Est\u00e1dio da Luz na passada&hellip;\n","protected":false},"author":2,"featured_media":186463,"comment_status":"","ping_status":"","sticky":false,"template":"","format":"standard","meta":{"footnotes":""},"categories":[87],"tags":[51,12101,135,1385,26340,46,2100,32,33,47,20028,134,37519],"class_list":{"0":"post-186462","1":"post","2":"type-post","3":"status-publish","4":"format-standard","5":"has-post-thumbnail","7":"category-desporto","8":"tag-benfica","9":"tag-benfica-campus","10":"tag-desporto","11":"tag-jose-mourinho","12":"tag-jose-neto","13":"tag-maisfutebol","14":"tag-napoles","15":"tag-portugal","16":"tag-pt","17":"tag-pura-paixao","18":"tag-seixal","19":"tag-sports","20":"tag-tiago-freitas"},"share_on_mastodon":{"url":"https:\/\/pubeurope.com\/@pt\/115711676538182385","error":""},"_links":{"self":[{"href":"https:\/\/www.europesays.com\/pt\/wp-json\/wp\/v2\/posts\/186462","targetHints":{"allow":["GET"]}}],"collection":[{"href":"https:\/\/www.europesays.com\/pt\/wp-json\/wp\/v2\/posts"}],"about":[{"href":"https:\/\/www.europesays.com\/pt\/wp-json\/wp\/v2\/types\/post"}],"author":[{"embeddable":true,"href":"https:\/\/www.europesays.com\/pt\/wp-json\/wp\/v2\/users\/2"}],"replies":[{"embeddable":true,"href":"https:\/\/www.europesays.com\/pt\/wp-json\/wp\/v2\/comments?post=186462"}],"version-history":[{"count":0,"href":"https:\/\/www.europesays.com\/pt\/wp-json\/wp\/v2\/posts\/186462\/revisions"}],"wp:featuredmedia":[{"embeddable":true,"href":"https:\/\/www.europesays.com\/pt\/wp-json\/wp\/v2\/media\/186463"}],"wp:attachment":[{"href":"https:\/\/www.europesays.com\/pt\/wp-json\/wp\/v2\/media?parent=186462"}],"wp:term":[{"taxonomy":"category","embeddable":true,"href":"https:\/\/www.europesays.com\/pt\/wp-json\/wp\/v2\/categories?post=186462"},{"taxonomy":"post_tag","embeddable":true,"href":"https:\/\/www.europesays.com\/pt\/wp-json\/wp\/v2\/tags?post=186462"}],"curies":[{"name":"wp","href":"https:\/\/api.w.org\/{rel}","templated":true}]}}