{"id":186468,"date":"2025-12-13T10:11:07","date_gmt":"2025-12-13T10:11:07","guid":{"rendered":"https:\/\/www.europesays.com\/pt\/186468\/"},"modified":"2025-12-13T10:11:07","modified_gmt":"2025-12-13T10:11:07","slug":"pedro-grenha-treinador-do-sc-braga-e-uma-grande-vitoria","status":"publish","type":"post","link":"https:\/\/www.europesays.com\/pt\/186468\/","title":{"rendered":"Pedro Grenha, treinador do SC Braga: \u00ab\u00c9 uma grande vit\u00f3ria\u00bb"},"content":{"rendered":"<p>O SC Braga, rec\u00e9m-promovido \u00e0 Liga\u00a0Betclic, surpreendeu o tetracampe\u00e3o nacional Benfica no Pavilh\u00e3o da Luz, em jogo da Ta\u00e7a de Portugal, eliminando os encarnados nos oitavos de final da prova-rainha.<\/p>\n<p>O treinador dos bracarenses, Pedro Brenha, explicou a estrat\u00e9gia que levou \u00e0 vit\u00f3ria por 82-81.\u00a0\u00abEsper\u00e1vamos um jogo muito duro e sab\u00edamos que a nossa \u00fanica hip\u00f3tese para competir com o Benfica seria defender bem. Porque a m\u00e9dia de pontos deles a n\u00edvel nacional \u00e9 estratosf\u00e9rica. T\u00ednhamo-nos de meter ali na zona dos 80 pontos. Conseguimos\u00a0e\u00a0os jogadores interpretaram bem o plano do jogo.\u00a0N\u00e3o demos\u00a0cestos f\u00e1ceis ao Benfica, que\u00a0os melhores lan\u00e7adores do Benfica n\u00e3o tivessem tiros abertos de tr\u00eas pontos.\u00a0Foi muito importante. E acima de tudo,\u00a0rompemos\u00a0a fluidez ofensiva\u00a0deles.\u00a0Obrig\u00e1mos mais vezes eles a jogar um contra um e assumir lan\u00e7amentos na zona da m\u00e9dia dist\u00e2ncia, que era o nosso grande objetivo\u00bb.<\/p>\n<p>\u00abA n\u00edvel do ofensivo, conseguimos fazer um jogo \u00e0 nossa imagem. Nem sempre foi f\u00e1cil, at\u00e9 pelas dificuldades que o Benfica nos cria. Atrav\u00e9s da press\u00e3o\u00a0com\u00a0bola e do jogo f\u00edsico nas a\u00e7\u00f5es sem bola\u00bb, acrescentou \u00e0 an\u00e1lise o t\u00e9cnico, de 31 anos.<\/p>\n<p>\u00abMas conseguimos ter alguma fluidez ou conseguimos conseguir alguns lan\u00e7amentos abertos. N\u00e3o nos escondemos tamb\u00e9m no ataque ao pintado e em tentar marcar bolas perto do cesto. \u00c9 uma grande vit\u00f3ria da nossa parte\u00bb, disse Pedro\u00a0Genha.<\/p>\n<p>Ap\u00f3s a\u00a0espantosa qualifica\u00e7\u00e3o para a Ta\u00e7a de Portugal, o treinador\u00a0do SC Braga\u00a0afirmou\u00a0que j\u00e1\u00a0est\u00e1 a\u00a0focado\u00a0no\u00a0segundo embate com o Benfica, para a Liga, e em breve: \u00abS\u00f3 temos que estar contentes,\u00a0mas ao mesmo tempo j\u00e1\u00a0passou.\u00a0H\u00e1\u00a0um jogo para a semana,\u00a0superimportante para o campeonato e neste momento o nosso foco est\u00e1 em preparar esse jogo e conseguir continuar nesta onda positiva.<\/p>\n","protected":false},"excerpt":{"rendered":"O SC Braga, rec\u00e9m-promovido \u00e0 Liga\u00a0Betclic, surpreendeu o tetracampe\u00e3o nacional Benfica no Pavilh\u00e3o da Luz, em jogo da&hellip;\n","protected":false},"author":2,"featured_media":186469,"comment_status":"","ping_status":"","sticky":false,"template":"","format":"standard","meta":{"footnotes":""},"categories":[8],"tags":[27,28,15,16,14,25,26,21,22,12,13,19,20,32,23,24,33,17,18,29,30,31],"class_list":{"0":"post-186468","1":"post","2":"type-post","3":"status-publish","4":"format-standard","5":"has-post-thumbnail","7":"category-principais-noticias","8":"tag-breaking-news","9":"tag-breakingnews","10":"tag-featured-news","11":"tag-featurednews","12":"tag-headlines","13":"tag-latest-news","14":"tag-latestnews","15":"tag-main-news","16":"tag-mainnews","17":"tag-news","18":"tag-noticias","19":"tag-noticias-principais","20":"tag-noticiasprincipais","21":"tag-portugal","22":"tag-principais-noticias","23":"tag-principaisnoticias","24":"tag-pt","25":"tag-top-stories","26":"tag-topstories","27":"tag-ultimas","28":"tag-ultimas-noticias","29":"tag-ultimasnoticias"},"share_on_mastodon":{"url":"https:\/\/pubeurope.com\/@pt\/115711724059636811","error":""},"_links":{"self":[{"href":"https:\/\/www.europesays.com\/pt\/wp-json\/wp\/v2\/posts\/186468","targetHints":{"allow":["GET"]}}],"collection":[{"href":"https:\/\/www.europesays.com\/pt\/wp-json\/wp\/v2\/posts"}],"about":[{"href":"https:\/\/www.europesays.com\/pt\/wp-json\/wp\/v2\/types\/post"}],"author":[{"embeddable":true,"href":"https:\/\/www.europesays.com\/pt\/wp-json\/wp\/v2\/users\/2"}],"replies":[{"embeddable":true,"href":"https:\/\/www.europesays.com\/pt\/wp-json\/wp\/v2\/comments?post=186468"}],"version-history":[{"count":0,"href":"https:\/\/www.europesays.com\/pt\/wp-json\/wp\/v2\/posts\/186468\/revisions"}],"wp:featuredmedia":[{"embeddable":true,"href":"https:\/\/www.europesays.com\/pt\/wp-json\/wp\/v2\/media\/186469"}],"wp:attachment":[{"href":"https:\/\/www.europesays.com\/pt\/wp-json\/wp\/v2\/media?parent=186468"}],"wp:term":[{"taxonomy":"category","embeddable":true,"href":"https:\/\/www.europesays.com\/pt\/wp-json\/wp\/v2\/categories?post=186468"},{"taxonomy":"post_tag","embeddable":true,"href":"https:\/\/www.europesays.com\/pt\/wp-json\/wp\/v2\/tags?post=186468"}],"curies":[{"name":"wp","href":"https:\/\/api.w.org\/{rel}","templated":true}]}}