{"id":186474,"date":"2025-12-13T10:15:16","date_gmt":"2025-12-13T10:15:16","guid":{"rendered":"https:\/\/www.europesays.com\/pt\/186474\/"},"modified":"2025-12-13T10:15:16","modified_gmt":"2025-12-13T10:15:16","slug":"terra-forte-eva-avisa-babi-nao-nos-arranjes-mais-problemas-novelas","status":"publish","type":"post","link":"https:\/\/www.europesays.com\/pt\/186474\/","title":{"rendered":"Terra Forte- Eva avisa Babi: \u00abN\u00e3o nos arranjes mais problemas\u00bb &#8211; Novelas"},"content":{"rendered":"<p>Em \u00abTerra Forte\u00bb, Babi (Melissa Matos) liga para Armando (Ricardo Carri\u00e7o) enquanto diz determinada ir meter Marcus (Vitor Hugo) no lugar, combinando encontrar-se com ele amanh\u00e3. Babi diz a Eva (Josefine Winkler) que vai arranjar um advogado para Marcus n\u00e3o lhes tirar o dinheiro, ficando apreensiva por Eva alertar que podem nem receber nada se as companhias de seguros apurarem que a morte de Vivi foi premeditada. Disfar\u00e7am a conversa quando veem Marcus entrar.<\/p>\n","protected":false},"excerpt":{"rendered":"Em \u00abTerra Forte\u00bb, Babi (Melissa Matos) liga para Armando (Ricardo Carri\u00e7o) enquanto diz determinada ir meter Marcus (Vitor&hellip;\n","protected":false},"author":2,"featured_media":186475,"comment_status":"","ping_status":"","sticky":false,"template":"","format":"standard","meta":{"footnotes":""},"categories":[142],"tags":[160,166,114,115,157,167,164,2931,161,158,165,159,32,33,156,18614,163,151,162],"class_list":{"0":"post-186474","1":"post","2":"type-post","3":"status-publish","4":"format-standard","5":"has-post-thumbnail","7":"category-tv","8":"tag-ana-guiomar","9":"tag-cristina-ferreira","10":"tag-entertainment","11":"tag-entretenimento","12":"tag-festa-e-festa","13":"tag-ficcao","14":"tag-jose-fidalgo","15":"tag-novela","16":"tag-novelas","17":"tag-para-sempre","18":"tag-pedro-sousa","19":"tag-pedro-teixeira","20":"tag-portugal","21":"tag-pt","22":"tag-queridos-papas","23":"tag-terra-forte","24":"tag-tiago-teotonio-pereira","25":"tag-tv","26":"tag-tvi"},"share_on_mastodon":{"url":"https:\/\/pubeurope.com\/@pt\/115711739420838191","error":""},"_links":{"self":[{"href":"https:\/\/www.europesays.com\/pt\/wp-json\/wp\/v2\/posts\/186474","targetHints":{"allow":["GET"]}}],"collection":[{"href":"https:\/\/www.europesays.com\/pt\/wp-json\/wp\/v2\/posts"}],"about":[{"href":"https:\/\/www.europesays.com\/pt\/wp-json\/wp\/v2\/types\/post"}],"author":[{"embeddable":true,"href":"https:\/\/www.europesays.com\/pt\/wp-json\/wp\/v2\/users\/2"}],"replies":[{"embeddable":true,"href":"https:\/\/www.europesays.com\/pt\/wp-json\/wp\/v2\/comments?post=186474"}],"version-history":[{"count":0,"href":"https:\/\/www.europesays.com\/pt\/wp-json\/wp\/v2\/posts\/186474\/revisions"}],"wp:featuredmedia":[{"embeddable":true,"href":"https:\/\/www.europesays.com\/pt\/wp-json\/wp\/v2\/media\/186475"}],"wp:attachment":[{"href":"https:\/\/www.europesays.com\/pt\/wp-json\/wp\/v2\/media?parent=186474"}],"wp:term":[{"taxonomy":"category","embeddable":true,"href":"https:\/\/www.europesays.com\/pt\/wp-json\/wp\/v2\/categories?post=186474"},{"taxonomy":"post_tag","embeddable":true,"href":"https:\/\/www.europesays.com\/pt\/wp-json\/wp\/v2\/tags?post=186474"}],"curies":[{"name":"wp","href":"https:\/\/api.w.org\/{rel}","templated":true}]}}