{"id":186480,"date":"2025-12-13T10:21:10","date_gmt":"2025-12-13T10:21:10","guid":{"rendered":"https:\/\/www.europesays.com\/pt\/186480\/"},"modified":"2025-12-13T10:21:10","modified_gmt":"2025-12-13T10:21:10","slug":"vao-fazer-fila-pelo-novo-casaco-termico-do-lidl-apostamos-que-sim-e-comeca-hoje","status":"publish","type":"post","link":"https:\/\/www.europesays.com\/pt\/186480\/","title":{"rendered":"V\u00e3o fazer fila pelo novo casaco t\u00e9rmico do Lidl? Apostamos que sim e come\u00e7a hoje"},"content":{"rendered":"<p>Sair de casa de manh\u00e3 cedo \u00e9 um dos maiores desafios para os mais friorentos. O frio n\u00e3o d\u00e1 tr\u00e9guas e quando o sentimos pela manh\u00e3, fica dif\u00edcil despir o casaco. E, sejamos sinceros, quem \u00e9 que quer despir o novo casaco do Lidl?\u00a0<\/p>\n<p>Falamos do <a href=\"https:\/\/www.lidl.pt\/p\/esmara-casaco-acolchoado-termico-para-senhora\/p10035345\" target=\"_blank\" rel=\"nofollow noopener\">casaco acolchoado t\u00e9rmico da marca Esmara<\/a>, modelo com prote\u00e7\u00e3o extra quente, imperme\u00e1vel e corta-vento. \u00c9 um casaco de comprimento m\u00e9dio, pela cintura, e tem ainda um capuz que permite proteger de chuva moderada.<\/p>\n<p>Destacando ainda outro pormenor, no caso da vers\u00e3o em bege tem mangas el\u00e1sticas para maior agilidade, ja o modelo em preto tem mangas regulares.\u00a0\u00a0<\/p>\n<p>O modelo est\u00e1 dispon\u00edvel do tamanho XS ao XL, uma variedade que permite a mais pessoas ter o novo casaco que protege contra todas as condi\u00e7\u00f5es meteorol\u00f3gicas do inverno.\u00a0<\/p>\n<p>Resta saber quanto \u00e9 que custa o casaco t\u00e9rmico. Para surpresa de muitos, est\u00e1 \u00e0 venda por apenas \u20ac19,99.<\/p>\n<p>E aten\u00e7\u00e3o: chega \u00e0s lojas Lidl hoje, dia 12 de dezembro, mas fica apenas at\u00e9 dia 18.\u00a0<\/p>\n","protected":false},"excerpt":{"rendered":"Sair de casa de manh\u00e3 cedo \u00e9 um dos maiores desafios para os mais friorentos. O frio n\u00e3o&hellip;\n","protected":false},"author":2,"featured_media":186481,"comment_status":"","ping_status":"","sticky":false,"template":"","format":"standard","meta":{"footnotes":""},"categories":[85],"tags":[1081,17770,204,114,115,754,7189,6513,186,1079,32,33,1078,1080],"class_list":{"0":"post-186480","1":"post","2":"type-post","3":"status-publish","4":"format-standard","5":"has-post-thumbnail","7":"category-entretenimento","8":"tag-beleza","9":"tag-casaco","10":"tag-design","11":"tag-entertainment","12":"tag-entretenimento","13":"tag-gastronomia","14":"tag-inverno","15":"tag-lidl","16":"tag-lifestyle","17":"tag-moda","18":"tag-portugal","19":"tag-pt","20":"tag-versa","21":"tag-viagens"},"share_on_mastodon":{"url":"https:\/\/pubeurope.com\/@pt\/115711762993440665","error":""},"_links":{"self":[{"href":"https:\/\/www.europesays.com\/pt\/wp-json\/wp\/v2\/posts\/186480","targetHints":{"allow":["GET"]}}],"collection":[{"href":"https:\/\/www.europesays.com\/pt\/wp-json\/wp\/v2\/posts"}],"about":[{"href":"https:\/\/www.europesays.com\/pt\/wp-json\/wp\/v2\/types\/post"}],"author":[{"embeddable":true,"href":"https:\/\/www.europesays.com\/pt\/wp-json\/wp\/v2\/users\/2"}],"replies":[{"embeddable":true,"href":"https:\/\/www.europesays.com\/pt\/wp-json\/wp\/v2\/comments?post=186480"}],"version-history":[{"count":0,"href":"https:\/\/www.europesays.com\/pt\/wp-json\/wp\/v2\/posts\/186480\/revisions"}],"wp:featuredmedia":[{"embeddable":true,"href":"https:\/\/www.europesays.com\/pt\/wp-json\/wp\/v2\/media\/186481"}],"wp:attachment":[{"href":"https:\/\/www.europesays.com\/pt\/wp-json\/wp\/v2\/media?parent=186480"}],"wp:term":[{"taxonomy":"category","embeddable":true,"href":"https:\/\/www.europesays.com\/pt\/wp-json\/wp\/v2\/categories?post=186480"},{"taxonomy":"post_tag","embeddable":true,"href":"https:\/\/www.europesays.com\/pt\/wp-json\/wp\/v2\/tags?post=186480"}],"curies":[{"name":"wp","href":"https:\/\/api.w.org\/{rel}","templated":true}]}}