{"id":186488,"date":"2025-12-13T10:31:11","date_gmt":"2025-12-13T10:31:11","guid":{"rendered":"https:\/\/www.europesays.com\/pt\/186488\/"},"modified":"2025-12-13T10:31:11","modified_gmt":"2025-12-13T10:31:11","slug":"terra-forte-armando-abre-o-coracao-sobre-babi-a-vivi-novelas","status":"publish","type":"post","link":"https:\/\/www.europesays.com\/pt\/186488\/","title":{"rendered":"Terra Forte: Armando abre o cora\u00e7\u00e3o sobre Babi a Vivi &#8211; Novelas"},"content":{"rendered":"<p>\t\t\t\t<a target=\"_blank\" href=\"https:\/\/tvipass.iol.pt\/passatempo\/meio-milhao-de-euros-em-cartao-500-000\/019acbff-a4b2-7690-80c9-51ce062e6359\" rel=\"nofollow noopener\"><\/p>\n<p>Ganhe MEIO MILH\u00c3O de euros em cart\u00e3o!<\/p>\n<p>Participe na APP<\/p>\n<p>\t\t          <\/a><\/p>\n<p>Em \u00abTerra Forte\u00bb, Armando (Ricardo Carri\u00e7o) admite a Vivi (Sofia Nicholson) que a mulher que conheceu \u00e9 bastante mais nova que ele, mas n\u00e3o achar que isso seja um obst\u00e1culo entre eles. Armando e Vivi (Sofia Nicholson) olham-se constrangidos.<\/p>\n","protected":false},"excerpt":{"rendered":"Ganhe MEIO MILH\u00c3O de euros em cart\u00e3o! Participe na APP Em \u00abTerra Forte\u00bb, Armando (Ricardo Carri\u00e7o) admite a&hellip;\n","protected":false},"author":2,"featured_media":186489,"comment_status":"","ping_status":"","sticky":false,"template":"","format":"standard","meta":{"footnotes":""},"categories":[142],"tags":[160,166,114,115,157,167,164,2931,161,158,165,159,32,33,156,18614,163,151,162],"class_list":{"0":"post-186488","1":"post","2":"type-post","3":"status-publish","4":"format-standard","5":"has-post-thumbnail","7":"category-tv","8":"tag-ana-guiomar","9":"tag-cristina-ferreira","10":"tag-entertainment","11":"tag-entretenimento","12":"tag-festa-e-festa","13":"tag-ficcao","14":"tag-jose-fidalgo","15":"tag-novela","16":"tag-novelas","17":"tag-para-sempre","18":"tag-pedro-sousa","19":"tag-pedro-teixeira","20":"tag-portugal","21":"tag-pt","22":"tag-queridos-papas","23":"tag-terra-forte","24":"tag-tiago-teotonio-pereira","25":"tag-tv","26":"tag-tvi"},"share_on_mastodon":{"url":"https:\/\/pubeurope.com\/@pt\/115711802271239811","error":""},"_links":{"self":[{"href":"https:\/\/www.europesays.com\/pt\/wp-json\/wp\/v2\/posts\/186488","targetHints":{"allow":["GET"]}}],"collection":[{"href":"https:\/\/www.europesays.com\/pt\/wp-json\/wp\/v2\/posts"}],"about":[{"href":"https:\/\/www.europesays.com\/pt\/wp-json\/wp\/v2\/types\/post"}],"author":[{"embeddable":true,"href":"https:\/\/www.europesays.com\/pt\/wp-json\/wp\/v2\/users\/2"}],"replies":[{"embeddable":true,"href":"https:\/\/www.europesays.com\/pt\/wp-json\/wp\/v2\/comments?post=186488"}],"version-history":[{"count":0,"href":"https:\/\/www.europesays.com\/pt\/wp-json\/wp\/v2\/posts\/186488\/revisions"}],"wp:featuredmedia":[{"embeddable":true,"href":"https:\/\/www.europesays.com\/pt\/wp-json\/wp\/v2\/media\/186489"}],"wp:attachment":[{"href":"https:\/\/www.europesays.com\/pt\/wp-json\/wp\/v2\/media?parent=186488"}],"wp:term":[{"taxonomy":"category","embeddable":true,"href":"https:\/\/www.europesays.com\/pt\/wp-json\/wp\/v2\/categories?post=186488"},{"taxonomy":"post_tag","embeddable":true,"href":"https:\/\/www.europesays.com\/pt\/wp-json\/wp\/v2\/tags?post=186488"}],"curies":[{"name":"wp","href":"https:\/\/api.w.org\/{rel}","templated":true}]}}