{"id":186547,"date":"2025-12-13T12:02:31","date_gmt":"2025-12-13T12:02:31","guid":{"rendered":"https:\/\/www.europesays.com\/pt\/186547\/"},"modified":"2025-12-13T12:02:31","modified_gmt":"2025-12-13T12:02:31","slug":"sporting-acelera-renovacoes-saiba-quais","status":"publish","type":"post","link":"https:\/\/www.europesays.com\/pt\/186547\/","title":{"rendered":"Sporting acelera renova\u00e7\u00f5es (saiba quais)"},"content":{"rendered":"<p>            <img decoding=\"async\" src=\"https:\/\/www.europesays.com\/pt\/wp-content\/uploads\/2025\/12\/90b749f1-3477-4354-93bf-70a769ff0289.jpg\" alt=\"Diego Callai com o presidente leonino, Frederico Varandas, ap\u00f3s a renova\u00e7\u00e3o de contrato - Foto: SPORTING CP\" height=\"574\" class=\"w-full object-contain object-top sm:h-[574px]   object-cover\"\/><\/p>\n<p>                Diego Callai com o presidente leonino, Frederico Varandas, ap\u00f3s a renova\u00e7\u00e3o de contrato &#8211; Foto: SPORTING CP<\/p>\n<p>                Diego Callai com o presidente leonino, Frederico Varandas, ap\u00f3s a renova\u00e7\u00e3o de contrato &#8211; Foto: SPORTING CP<\/p>\n<p>\n                Diego Callai oficial at\u00e9 2030 e Salvador Blopa tamb\u00e9m (mas ainda n\u00e3o anunciado). Pedro Gon\u00e7alves j\u00e1 tinha renovado e Gon\u00e7alo In\u00e1cio na quinta-feira assinou novo contrato. Seguem-se Geny, Trinc\u00e3o e Diomande\n            <\/p>\n<p>J\u00e1 tinha sido <a class=\"autolink-enabled\" data-resource-id=\"183976\" data-resource-type=\"player\" data-sport=\"football\" href=\"https:\/\/www.abola.pt\/futebol\/jogador\/pedro-goncalves-183976\" rel=\"nofollow noopener\" target=\"_blank\">Pedro Gon\u00e7alves<\/a>, depois j\u00e1 esta semana <a class=\"autolink-enabled\" data-resource-id=\"223498\" data-resource-type=\"player\" data-sport=\"football\" href=\"https:\/\/www.abola.pt\/futebol\/jogador\/goncalo-inacio-223498\" rel=\"nofollow noopener\" target=\"_blank\">Gon\u00e7alo In\u00e1cio<\/a>, esta sexta-feira <a class=\"autolink-enabled\" data-resource-id=\"245042\" data-resource-type=\"player\" data-sport=\"football\" href=\"https:\/\/www.abola.pt\/futebol\/jogador\/diego-callai-245042\" rel=\"nofollow noopener\" target=\"_blank\">Diego Callai<\/a> de forma oficial e <a class=\"autolink-enabled\" data-resource-id=\"7910519\" data-resource-type=\"player\" data-sport=\"football\" href=\"https:\/\/www.abola.pt\/futebol\/jogador\/salvador-blopa-7910519\" rel=\"nofollow noopener\" target=\"_blank\">Blopa<\/a> para anunciar nos pr\u00f3ximos dias. Seguem-se <a class=\"autolink-enabled\" data-resource-id=\"214433\" data-resource-type=\"player\" data-sport=\"football\" href=\"https:\/\/www.abola.pt\/futebol\/jogador\/geny-catamo-214433\" rel=\"nofollow noopener\" target=\"_blank\">Geny Catamo<\/a>, Francisco <a class=\"autolink-enabled\" data-resource-id=\"125053\" data-resource-type=\"player\" data-sport=\"football\" href=\"https:\/\/www.abola.pt\/futebol\/jogador\/trincao-125053\" rel=\"nofollow noopener\" target=\"_blank\">Trinc\u00e3o<\/a> e <a class=\"autolink-enabled\" data-resource-id=\"271526\" data-resource-type=\"player\" data-sport=\"football\" href=\"https:\/\/www.abola.pt\/futebol\/jogador\/ousmane-diomande-271526\" rel=\"nofollow noopener\" target=\"_blank\">Ousmane Diomande<\/a>. O <a class=\"autolink-enabled\" data-resource-id=\"448\" data-resource-type=\"team\" data-sport=\"football\" href=\"https:\/\/www.abola.pt\/futebol\/sporting-448\" rel=\"nofollow noopener\" target=\"_blank\">Sporting<\/a> acelerou os processos de renova\u00e7\u00e3o, uma jornada de grande investimento no futuro por parte da administra\u00e7\u00e3o dos verdes e brancos.<\/p>\n<p>\u00c9 assim que est\u00e3o os dossi\u00eas das renova\u00e7\u00f5es de contrato. O processo mais dif\u00edcil dos que se seguem ser\u00e1 o de <a class=\"autolink-enabled\" data-resource-id=\"271526\" data-resource-type=\"player\" data-sport=\"football\" href=\"https:\/\/www.abola.pt\/futebol\/jogador\/ousmane-diomande-271526\" rel=\"nofollow noopener\" target=\"_blank\">Diomande<\/a>. O central est\u00e1 convidado a prolongar o v\u00ednculo de 2027 para 2030 mas est\u00e1 a adiar, ter\u00e1 expectativas de no ver\u00e3o haver propostas, sabendo que em Inglaterra est\u00e3o de olho \u2014 no ver\u00e3o anterior, <a class=\"autolink-enabled\" data-resource-id=\"110\" data-resource-type=\"team\" data-sport=\"football\" href=\"https:\/\/www.abola.pt\/futebol\/crystal-palace-110\" rel=\"nofollow noopener\" target=\"_blank\">Crystal Palace<\/a> teve \u20ac55 M para o contratar mas n\u00e3o avan\u00e7ou, mas poder\u00e1 avan\u00e7ar em 2026&#8230;<\/p>\n<p>O dossi\u00ea de <a class=\"autolink-enabled\" data-resource-id=\"125053\" data-resource-type=\"player\" data-sport=\"football\" href=\"https:\/\/www.abola.pt\/futebol\/jogador\/trincao-125053\" rel=\"nofollow noopener\" target=\"_blank\">Trinc\u00e3o<\/a> tamb\u00e9m est\u00e1 a demorar mas aqui porque ainda n\u00e3o se chegou a uma base salarial de entendimento. O avan\u00e7ado passa sempre a estar no teto e a renova\u00e7\u00e3o ser\u00e1 tamb\u00e9m por mais tr\u00eas anos, de 2027 para 2030. A cl\u00e1usula de rescis\u00e3o pode passar dos 80 para os 100 milh\u00f5es de euros.<\/p>\n<p>O <a class=\"autolink-enabled\" data-resource-id=\"448\" data-resource-type=\"team\" data-sport=\"football\" href=\"https:\/\/www.abola.pt\/futebol\/sporting-448\" rel=\"nofollow noopener\" target=\"_blank\">Sporting<\/a> est\u00e1 acelerar e <a class=\"autolink-enabled\" data-resource-id=\"214433\" data-resource-type=\"player\" data-sport=\"football\" href=\"https:\/\/www.abola.pt\/futebol\/jogador\/geny-catamo-214433\" rel=\"nofollow noopener\" target=\"_blank\">Geny Catamo<\/a> pode ser o pr\u00f3ximo a ser resolvido. Com contrato at\u00e9 2028, acrescentar\u00e1 mais um ou dois anos, a cl\u00e1usula passa para os 80 milh\u00f5es mas apesar de ter andado nestes dias, dificilmente a renova\u00e7\u00e3o do mo\u00e7ambicano fica resolvida antes deste se juntar \u00e0 sele\u00e7\u00e3o que vai jogar a CAN \u2014 concentra-se j\u00e1 na segunda-feira.<\/p>\n<p>J\u00e1 resolvido estava o caso de <a class=\"autolink-enabled\" data-resource-id=\"183976\" data-resource-type=\"player\" data-sport=\"football\" href=\"https:\/\/www.abola.pt\/futebol\/jogador\/pedro-goncalves-183976\" rel=\"nofollow noopener\" target=\"_blank\">Pedro Gon\u00e7alves<\/a> (2030), na quinta-feira fsexta-feiraicou resolvida a vida de <a class=\"autolink-enabled\" data-resource-id=\"223498\" data-resource-type=\"player\" data-sport=\"football\" href=\"https:\/\/www.abola.pt\/futebol\/jogador\/goncalo-inacio-223498\" rel=\"nofollow noopener\" target=\"_blank\">Gon\u00e7alo In\u00e1cio<\/a> (tamb\u00e9m 2030), ontem foi a vez de os le\u00f5es anunciarem a renova\u00e7\u00e3o de <a class=\"autolink-enabled\" data-resource-id=\"245042\" data-resource-type=\"player\" data-sport=\"football\" href=\"https:\/\/www.abola.pt\/futebol\/jogador\/diego-callai-245042\" rel=\"nofollow noopener\" target=\"_blank\">Diego Callai<\/a>. O guarda-redes brasileiro de 21 anos, que integra a equipa principal mas joga regularmente na B, prologou o v\u00ednculo por mais tr\u00eas anos, de 2027 at\u00e9 2030.<\/p>\n<p>\u00abEstou muito feliz\u00bb, come\u00e7ou por dizer <a class=\"autolink-enabled\" data-resource-id=\"245042\" data-resource-type=\"player\" data-sport=\"football\" href=\"https:\/\/www.abola.pt\/futebol\/jogador\/diego-callai-245042\" rel=\"nofollow noopener\" target=\"_blank\">Callai<\/a> \u00e0s plataformas de comunica\u00e7\u00e3o dos le\u00f5es. \u00ab\u00c9 um sinal de muita confian\u00e7a por parte do <a class=\"autolink-enabled\" data-resource-id=\"448\" data-resource-type=\"team\" data-sport=\"football\" href=\"https:\/\/www.abola.pt\/futebol\/sporting-448\" rel=\"nofollow noopener\" target=\"_blank\">Sporting<\/a>. Agora tenho de fazer um bom trabalho para retribuir essa confian\u00e7a dia a dia, em todos os treinos e jogos\u00bb, disse o guarda-redes e acrescentou: \u00abEstou c\u00e1 desde muito pequenino. Fui muito bem recebido por todos os que acompanharam o meu crescimento nesta Academia. Estou muito feliz por poder continuar a estar aqui a desenvolver o meu trabalho. Tenho a certeza de que todas as pessoas est\u00e3o muito felizes por mim, o que me leva a fazer mais e melhor.\u00bb<\/p>\n<p>O <a class=\"autolink-enabled\" data-resource-id=\"448\" data-resource-type=\"team\" data-sport=\"football\" href=\"https:\/\/www.abola.pt\/futebol\/sporting-448\" rel=\"nofollow noopener\" target=\"_blank\">Sporting<\/a> anunciou oficialmente a renova\u00e7\u00e3o de <a class=\"autolink-enabled\" data-resource-id=\"245042\" data-resource-type=\"player\" data-sport=\"football\" href=\"https:\/\/www.abola.pt\/futebol\/jogador\/diego-callai-245042\" rel=\"nofollow noopener\" target=\"_blank\">Callai<\/a> e vai anunciar nos pr\u00f3ximos dias a de <a class=\"autolink-enabled\" data-resource-id=\"7910519\" data-resource-type=\"player\" data-sport=\"football\" href=\"https:\/\/www.abola.pt\/futebol\/jogador\/salvador-blopa-7910519\" rel=\"nofollow noopener\" target=\"_blank\">Salvador Blopa<\/a>. O ala\/lateral de 18 anos prologou o v\u00ednculo por mais dois anos, igualmente at\u00e9 2030, depois de e tal como A BOLA revelara na quarta-feira, ter visto uma primeira renova\u00e7\u00e3o autom\u00e1tica ativada, de 2026 para 2028.<\/p>\n<p>Perto de ficar enfim desbloqueada est\u00e1 a situa\u00e7\u00e3o de outro jovem de 18 anos, <a class=\"autolink-enabled\" data-resource-id=\"311913\" data-resource-type=\"player\" data-sport=\"football\" href=\"https:\/\/www.abola.pt\/futebol\/jogador\/eduardo-felicissimo-311913\" rel=\"nofollow noopener\" target=\"_blank\">Eduardo Felic\u00edssimo<\/a>, m\u00e9dio que mudou de empres\u00e1rio recentemente e cujo processos de renova\u00e7\u00e3o tinha travado. O m\u00e9dio tamb\u00e9m vai passar a ter contrato at\u00e9 2030 com cl\u00e1usula de \u20ac80 M.<\/p>\n","protected":false},"excerpt":{"rendered":"Diego Callai com o presidente leonino, Frederico Varandas, ap\u00f3s a renova\u00e7\u00e3o de contrato &#8211; Foto: SPORTING CP Diego&hellip;\n","protected":false},"author":2,"featured_media":186548,"comment_status":"","ping_status":"","sticky":false,"template":"","format":"standard","meta":{"footnotes":""},"categories":[87],"tags":[135,32,33,134],"class_list":{"0":"post-186547","1":"post","2":"type-post","3":"status-publish","4":"format-standard","5":"has-post-thumbnail","7":"category-desporto","8":"tag-desporto","9":"tag-portugal","10":"tag-pt","11":"tag-sports"},"share_on_mastodon":{"url":"https:\/\/pubeurope.com\/@pt\/115712160474881561","error":""},"_links":{"self":[{"href":"https:\/\/www.europesays.com\/pt\/wp-json\/wp\/v2\/posts\/186547","targetHints":{"allow":["GET"]}}],"collection":[{"href":"https:\/\/www.europesays.com\/pt\/wp-json\/wp\/v2\/posts"}],"about":[{"href":"https:\/\/www.europesays.com\/pt\/wp-json\/wp\/v2\/types\/post"}],"author":[{"embeddable":true,"href":"https:\/\/www.europesays.com\/pt\/wp-json\/wp\/v2\/users\/2"}],"replies":[{"embeddable":true,"href":"https:\/\/www.europesays.com\/pt\/wp-json\/wp\/v2\/comments?post=186547"}],"version-history":[{"count":0,"href":"https:\/\/www.europesays.com\/pt\/wp-json\/wp\/v2\/posts\/186547\/revisions"}],"wp:featuredmedia":[{"embeddable":true,"href":"https:\/\/www.europesays.com\/pt\/wp-json\/wp\/v2\/media\/186548"}],"wp:attachment":[{"href":"https:\/\/www.europesays.com\/pt\/wp-json\/wp\/v2\/media?parent=186547"}],"wp:term":[{"taxonomy":"category","embeddable":true,"href":"https:\/\/www.europesays.com\/pt\/wp-json\/wp\/v2\/categories?post=186547"},{"taxonomy":"post_tag","embeddable":true,"href":"https:\/\/www.europesays.com\/pt\/wp-json\/wp\/v2\/tags?post=186547"}],"curies":[{"name":"wp","href":"https:\/\/api.w.org\/{rel}","templated":true}]}}