{"id":186549,"date":"2025-12-13T12:03:17","date_gmt":"2025-12-13T12:03:17","guid":{"rendered":"https:\/\/www.europesays.com\/pt\/186549\/"},"modified":"2025-12-13T12:03:17","modified_gmt":"2025-12-13T12:03:17","slug":"novo-mapa-cerebral-revela-por-que-lembrancas-desaparecem-no-alzheimer-noticias-r7","status":"publish","type":"post","link":"https:\/\/www.europesays.com\/pt\/186549\/","title":{"rendered":"Novo mapa cerebral revela por que lembran\u00e7as desaparecem no Alzheimer \u2013 Noticias R7"},"content":{"rendered":"<p><img decoding=\"async\" data-chromatic=\"ignore\" alt=\"\" class=\"c-image\" loading=\"lazy\" src=\"https:\/\/www.europesays.com\/pt\/wp-content\/uploads\/2025\/12\/OLZC5Y5QORGSRBO6NBDVD3YPAI.jpeg\"  width=\"2048\" height=\"1152\"\/>Camadas do hipocampo revelam por que mem\u00f3rias se perdem. (Foto: Oksana Vector Art via Canva) Fala Ci\u00eancia <\/p>\n<p class=\"jarvics:base-text-neutral-high-400 base-text-[calc(theme(fontSize.xs)_*_var(--font-size,_1))] base-font-normal base-font-primary base-text-neutral-low-500 base-text-left\">\n<p>Um estudo publicado na <strong>revista cient\u00edfica <\/strong><strong>Nature Communications<\/strong>, intitulado <strong>Organiza\u00e7\u00e3o laminar de tipos celulares de neur\u00f4nios piramidais define sub-regi\u00f5es distintas do hipocampo CA1<\/strong>, apresentou um mapeamento in\u00e9dito do hipocampo. A pesquisa foi liderada pela neurocientista <strong>Maricarmen Pachicano<\/strong>, que utilizou abordagens celulares e moleculares de alta precis\u00e3o para revelar estruturas internas antes invis\u00edveis aos m\u00e9todos tradicionais.<\/p>\n<\/p>\n<p class=\"jarvics:base-text-neutral-high-400 base-text-[calc(theme(fontSize.xs)_*_var(--font-size,_1))] base-font-normal base-font-primary base-text-neutral-low-500 base-text-left\">\n<p>As descobertas mostram que o hipocampo, conhecido como o <strong>centro da mem\u00f3ria<\/strong>, \u00e9 muito mais complexo do que se imaginava, especialmente em suas camadas profundas.<\/p>\n<\/p>\n<p class=\"jarvics:base-text-neutral-high-400 base-text-[calc(theme(fontSize.xs)_*_var(--font-size,_1))] base-font-normal base-font-primary base-text-neutral-low-500 base-text-left\"><strong>Camadas ocultas que sustentam a mem\u00f3ria<\/strong><\/p>\n<p class=\"jarvics:base-text-neutral-high-400 base-text-[calc(theme(fontSize.xs)_*_var(--font-size,_1))] base-font-normal base-font-primary base-text-neutral-low-500 base-text-left\">\n<p>A equipe de Pachicano identificou <strong>quatro sub-regi\u00f5es distintas dentro da \u00e1rea CA1<\/strong>, cada uma composta por diferentes tipos de neur\u00f4nios piramidais. Essas camadas apresentam caracter\u00edsticas moleculares espec\u00edficas e rotas de comunica\u00e7\u00e3o pr\u00f3prias, sugerindo que desempenham pap\u00e9is complementares no processamento da mem\u00f3ria.<\/p>\n<\/p>\n<p class=\"jarvics:base-text-neutral-high-400 base-text-[calc(theme(fontSize.xs)_*_var(--font-size,_1))] base-font-normal base-font-primary base-text-neutral-low-500 base-text-left\">\n<p>Essa organiza\u00e7\u00e3o explica por que <strong>certas lembran\u00e7as desaparecem primeiro na doen\u00e7a de Alzheimer<\/strong>: algumas dessas camadas s\u00e3o muito mais vulner\u00e1veis \u00e0 degenera\u00e7\u00e3o precoce.<\/p>\n<\/p>\n<p class=\"jarvics:base-text-neutral-high-400 base-text-[calc(theme(fontSize.xs)_*_var(--font-size,_1))] base-font-normal base-font-primary base-text-neutral-low-500 base-text-left\"><strong>Zonas de vulnerabilidade que definem o decl\u00ednio<\/strong><\/p>\n<p><img decoding=\"async\" data-chromatic=\"ignore\" alt=\"\" class=\"c-image\" loading=\"lazy\" src=\"https:\/\/www.europesays.com\/pt\/wp-content\/uploads\/2025\/12\/N2ECC5ITRBD2LGFZMNFSXQCCAA.jpeg\"  width=\"1024\" height=\"576\"\/>Nova arquitetura do hipocampo explica falhas de mem\u00f3ria. (Foto: Pixabay via Canva) Fala Ci\u00eancia <\/p>\n<p class=\"jarvics:base-text-neutral-high-400 base-text-[calc(theme(fontSize.xs)_*_var(--font-size,_1))] base-font-normal base-font-primary base-text-neutral-low-500 base-text-left\">\n<p>Segundo o estudo, as <strong>camadas internas da \u00e1rea CA1<\/strong>, respons\u00e1veis por consolidar mem\u00f3rias recentes, mostram maior sensibilidade a altera\u00e7\u00f5es neurodegenerativas. Quando essas regi\u00f5es come\u00e7am a falhar, ocorrem preju\u00edzos t\u00edpicos do Alzheimer, como:<\/p>\n<\/p>\n<p class=\"jarvics:base-text-neutral-high-400 base-text-[calc(theme(fontSize.xs)_*_var(--font-size,_1))] base-font-normal base-font-primary base-text-neutral-low-500 base-text-left\">\n<ul class=\"wp-block-list\">\n<li>dificuldade em formar novas lembran\u00e7as;<\/li>\n<li>falhas recorrentes na mem\u00f3ria curta;<\/li>\n<li>desorienta\u00e7\u00e3o espacial;<\/li>\n<li>perda de contexto temporal.<\/li>\n<\/ul>\n<p class=\"jarvics:base-text-neutral-high-400 base-text-[calc(theme(fontSize.xs)_*_var(--font-size,_1))] base-font-normal base-font-primary base-text-neutral-low-500 base-text-left\">\n<p>A arquitetura laminar rec\u00e9m-mapeada indica que o Alzheimer n\u00e3o se espalha de maneira aleat\u00f3ria, mas segue <strong>um percurso previs\u00edvel<\/strong>, afetando primeiro os circuitos mais delicados e fundamentais para a mem\u00f3ria recente.<\/p>\n<\/p>\n<p class=\"jarvics:base-text-neutral-high-400 base-text-[calc(theme(fontSize.xs)_*_var(--font-size,_1))] base-font-normal base-font-primary base-text-neutral-low-500 base-text-left\"><strong>Novo caminho para diagn\u00f3sticos e terapias<\/strong><\/p>\n<p class=\"jarvics:base-text-neutral-high-400 base-text-[calc(theme(fontSize.xs)_*_var(--font-size,_1))] base-font-normal base-font-primary base-text-neutral-low-500 base-text-left\">\n<p>O mapa produzido por <strong>Maricarmen Pachicano e colaboradores<\/strong> abre portas para m\u00e9todos de diagn\u00f3stico mais precoces e precisos. Ao identificar padr\u00f5es celulares de vulnerabilidade, torna-se poss\u00edvel:<\/p>\n<\/p>\n<p class=\"jarvics:base-text-neutral-high-400 base-text-[calc(theme(fontSize.xs)_*_var(--font-size,_1))] base-font-normal base-font-primary base-text-neutral-low-500 base-text-left\">\n<ul class=\"wp-block-list\">\n<li>desenvolver <strong>biomarcadores moleculares<\/strong> espec\u00edficos;<\/li>\n<li>identificar <strong>sinais iniciais<\/strong> de degenera\u00e7\u00e3o neuronal;<\/li>\n<li>orientar terapias que atuem diretamente nas camadas mais fr\u00e1geis;<\/li>\n<li>compreender melhor a transi\u00e7\u00e3o entre envelhecimento normal e Alzheimer.<\/li>\n<\/ul>\n<p class=\"jarvics:base-text-neutral-high-400 base-text-[calc(theme(fontSize.xs)_*_var(--font-size,_1))] base-font-normal base-font-primary base-text-neutral-low-500 base-text-left\">\n<p>O estudo representa um marco para a neuroci\u00eancia, ao revelar <strong>como a organiza\u00e7\u00e3o interna do hipocampo determina o destino das mem\u00f3rias<\/strong> ao longo da vida e durante o avan\u00e7o das doen\u00e7as neurodegenerativas.<\/p><\/p>\n","protected":false},"excerpt":{"rendered":"Camadas do hipocampo revelam por que mem\u00f3rias se perdem. (Foto: Oksana Vector Art via Canva) Fala Ci\u00eancia Um&hellip;\n","protected":false},"author":2,"featured_media":186550,"comment_status":"","ping_status":"","sticky":false,"template":"","format":"standard","meta":{"footnotes":""},"categories":[86],"tags":[116,32,33,117],"class_list":{"0":"post-186549","1":"post","2":"type-post","3":"status-publish","4":"format-standard","5":"has-post-thumbnail","7":"category-saude","8":"tag-health","9":"tag-portugal","10":"tag-pt","11":"tag-saude"},"share_on_mastodon":{"url":"https:\/\/pubeurope.com\/@pt\/115712164385652448","error":""},"_links":{"self":[{"href":"https:\/\/www.europesays.com\/pt\/wp-json\/wp\/v2\/posts\/186549","targetHints":{"allow":["GET"]}}],"collection":[{"href":"https:\/\/www.europesays.com\/pt\/wp-json\/wp\/v2\/posts"}],"about":[{"href":"https:\/\/www.europesays.com\/pt\/wp-json\/wp\/v2\/types\/post"}],"author":[{"embeddable":true,"href":"https:\/\/www.europesays.com\/pt\/wp-json\/wp\/v2\/users\/2"}],"replies":[{"embeddable":true,"href":"https:\/\/www.europesays.com\/pt\/wp-json\/wp\/v2\/comments?post=186549"}],"version-history":[{"count":0,"href":"https:\/\/www.europesays.com\/pt\/wp-json\/wp\/v2\/posts\/186549\/revisions"}],"wp:featuredmedia":[{"embeddable":true,"href":"https:\/\/www.europesays.com\/pt\/wp-json\/wp\/v2\/media\/186550"}],"wp:attachment":[{"href":"https:\/\/www.europesays.com\/pt\/wp-json\/wp\/v2\/media?parent=186549"}],"wp:term":[{"taxonomy":"category","embeddable":true,"href":"https:\/\/www.europesays.com\/pt\/wp-json\/wp\/v2\/categories?post=186549"},{"taxonomy":"post_tag","embeddable":true,"href":"https:\/\/www.europesays.com\/pt\/wp-json\/wp\/v2\/tags?post=186549"}],"curies":[{"name":"wp","href":"https:\/\/api.w.org\/{rel}","templated":true}]}}