{"id":186553,"date":"2025-12-13T12:15:13","date_gmt":"2025-12-13T12:15:13","guid":{"rendered":"https:\/\/www.europesays.com\/pt\/186553\/"},"modified":"2025-12-13T12:15:13","modified_gmt":"2025-12-13T12:15:13","slug":"a-lista-interminavel-de-miudos-com-talento-o-desgaste-emocional-e-as-surpresas-que-nao-vai-promover-o-que-disse-mourinho-sapo","status":"publish","type":"post","link":"https:\/\/www.europesays.com\/pt\/186553\/","title":{"rendered":"A &quot;lista intermin\u00e1vel de mi\u00fados com talento&quot;, o &quot;desgaste emocional&quot; e as surpresas que n\u00e3o vai promover: o que disse Mourinho &#8211; SAPO"},"content":{"rendered":"<ol>\n<li><a href=\"https:\/\/news.google.com\/rss\/articles\/CBMi_AFBVV95cUxQUFdMbG4ybE11YjJxaVdZQko0b2FwQWFmNGYtZkwtUVJFMmtsLVg1NDlsUWdORkNOb3V1ekd4Ul9na1JuZjNZOGstS3pRTEc2LVdtWmhLZHNEY0FvQkRxTy1SREpVdUgySlloYTM4b2RVQ3ZzQ1JoVUoxa0F4Q3U0dkxUakhzV05tNUlFZ05xdF9LOTVXSTVUalJEWGU0RllpcHM2WFdfdVNkaEFKMml2M2UxRl9rR2FjenVBMS1DTHktSGlkOW1QYUNEWTc2a1RwN3FPYXcxOU56LTdEVEZGcnF0VVo0RW1ZYkxteU1SNnI3RTZhN2gtVC1FWWg?oc=5\" target=\"_blank\" rel=\"nofollow noopener\">A &#8220;lista intermin\u00e1vel de mi\u00fados com talento&#8221;, o &#8220;desgaste emocional&#8221; e as surpresas que n\u00e3o vai promover: o que disse Mourinho<\/a>&nbsp;&nbsp;SAPO<\/li>\n<li><a href=\"https:\/\/news.google.com\/rss\/articles\/CBMixwFBVV95cUxOX2VoWThObGh2eUxvMTRyRUt3Z1BrMWpMVUZDbGR1bFVDc2xSbUdvVlNnWlVmOVhFUXRlLWJtRzRsaVBzRldpUHNVa0NGS2hfaHRpMU5MOUtSYXZzcERfRVotMnlJMjZmSk9WMV81SzRBQW4tV2ZxX2l1T1FNdzRiNWpHY0toNTBkMGtNUWQ4QVR4NEZ0UHpDSFFYX1dNQmVvTlVubTc2TWRGN3l4QWcwZ3gtUDdxdzh6UlE0d2g3MEpOM091aWFZ?oc=5\" target=\"_blank\" rel=\"nofollow noopener\">Mourinho quer &#8220;vontade, concentra\u00e7\u00e3o, motiva\u00e7\u00e3o e responsabilidade&#8221; do jogo com o N\u00e1poles frente ao Moreirense<\/a>&nbsp;&nbsp;Di\u00e1rio de Not\u00edcias<\/li>\n<li><a href=\"https:\/\/news.google.com\/rss\/articles\/CBMif0FVX3lxTFBhamFtTWktWHhwbThSb29uVVlfaER1QnpMdnZhb1lsNFA4bUUtSHpLTHJtSld0WFNYNjJDd1Y5ZzdQNmRjRGdUc2ZkVmN4M2huR0ZPWXpuSWd0YWl6d1gzRnk0czJvUmxfUE9Odjhlc1VPcE5UMDMyNW9SMjJtTkk?oc=5\" target=\"_blank\" rel=\"nofollow noopener\">Moreirense x Benfica: Onde Assistir e Prov\u00e1vel 11 Inicial<\/a>&nbsp;&nbsp;Observador<\/li>\n<li><a href=\"https:\/\/news.google.com\/rss\/articles\/CBMiuAFBVV95cUxQOVB3a2hfYUJ4a1FXZ3JlRmpIVmhMYXRVekZ5bUdVZ0NmX3R3ZU91NjI3dl9SQTNvazRheEZtanZBM0FtMEpmcnBTeHBmWTB4WHhYdXJZVF9QTWh4dU03dHhQdUZhanpKcnRJR3p5WHFwaThnaVFwYzFqNnZvRjg5bW13Xy1Jel9fUFF1RnJ3YkVtUllkdGZrR3kyWGx5eXF1MXNfX2tfS3pTOHRnUF9ScTk5Q2syUC1m?oc=5\" target=\"_blank\" rel=\"nofollow noopener\">&#8220;N\u00e3o foram s\u00f3 os quil\u00f3metros que corremos, mas tamb\u00e9m o desgaste emocional&#8230;&#8221;<\/a>&nbsp;&nbsp;O Jogo<\/li>\n<li><a href=\"https:\/\/news.google.com\/rss\/articles\/CBMiwwFBVV95cUxPTEQ1V2dmVTZsSnhEeE1oRWlBaGd0MWhSTElmVzdVMl9VWTVDSkNOTm5yd19QTjA1VzJuRnpFY2c2VEFaLXRPdGpqaFNnMG5rLV91ek5FMjN5X0JXQjhybEdOZG5mei1RZ21GcC1zUnM1amMwZ1RZWFVCRDlCb20zVDlxVDVZVDRBWmdqcW1kdW1iVVlqNkVBemlObFNmeVdNQ1BKSFp0SE1pSk9LT0g1cTlnRzNFZ2x0VlVrV2JtbXRxWWPSAcgBQVVfeXFMTWQydWRhTzZxRVdlN042RGl4cHhTaHNWMGgtU0Q4LWFPZVp4QjlFVTFnUzNnbWNHWWFpbXN4Y2NsWkVpRVpScmFNbkZJejY0Y05Gc2VMZ0xEYlRKOGJfNDRKNlZBMWFkVU1ZdTQwNnhEWXU3WGpYZGUzbW16eklMdTlGNXhhM05BMFp4cm5QUVVhTFpHVVpaN3h4eGpKSVRHOGJTcTBORDZBQ1J6ZlJDMkZyNkRqUEx2VFV0TzM4X1oycElRek1lVEM?oc=5\" target=\"_blank\" rel=\"nofollow noopener\">\u00abNo Benfica h\u00e1 uma lista intermin\u00e1vel de jogadores com talento nos diferentes escal\u00f5es\u00bb<\/a>&nbsp;&nbsp;CNN Portugal<\/li>\n<\/ol>\n","protected":false},"excerpt":{"rendered":"A &#8220;lista intermin\u00e1vel de mi\u00fados com talento&#8221;, o &#8220;desgaste emocional&#8221; e as surpresas que n\u00e3o vai promover: o&hellip;\n","protected":false},"author":2,"featured_media":183701,"comment_status":"","ping_status":"","sticky":false,"template":"","format":"standard","meta":{"footnotes":""},"categories":[8],"tags":[27,28,15,16,14,25,26,21,22,12,13,19,20,32,23,24,33,17,18,29,30,31],"class_list":{"0":"post-186553","1":"post","2":"type-post","3":"status-publish","4":"format-standard","5":"has-post-thumbnail","7":"category-principais-noticias","8":"tag-breaking-news","9":"tag-breakingnews","10":"tag-featured-news","11":"tag-featurednews","12":"tag-headlines","13":"tag-latest-news","14":"tag-latestnews","15":"tag-main-news","16":"tag-mainnews","17":"tag-news","18":"tag-noticias","19":"tag-noticias-principais","20":"tag-noticiasprincipais","21":"tag-portugal","22":"tag-principais-noticias","23":"tag-principaisnoticias","24":"tag-pt","25":"tag-top-stories","26":"tag-topstories","27":"tag-ultimas","28":"tag-ultimas-noticias","29":"tag-ultimasnoticias"},"share_on_mastodon":{"url":"","error":""},"_links":{"self":[{"href":"https:\/\/www.europesays.com\/pt\/wp-json\/wp\/v2\/posts\/186553","targetHints":{"allow":["GET"]}}],"collection":[{"href":"https:\/\/www.europesays.com\/pt\/wp-json\/wp\/v2\/posts"}],"about":[{"href":"https:\/\/www.europesays.com\/pt\/wp-json\/wp\/v2\/types\/post"}],"author":[{"embeddable":true,"href":"https:\/\/www.europesays.com\/pt\/wp-json\/wp\/v2\/users\/2"}],"replies":[{"embeddable":true,"href":"https:\/\/www.europesays.com\/pt\/wp-json\/wp\/v2\/comments?post=186553"}],"version-history":[{"count":0,"href":"https:\/\/www.europesays.com\/pt\/wp-json\/wp\/v2\/posts\/186553\/revisions"}],"wp:featuredmedia":[{"embeddable":true,"href":"https:\/\/www.europesays.com\/pt\/wp-json\/wp\/v2\/media\/183701"}],"wp:attachment":[{"href":"https:\/\/www.europesays.com\/pt\/wp-json\/wp\/v2\/media?parent=186553"}],"wp:term":[{"taxonomy":"category","embeddable":true,"href":"https:\/\/www.europesays.com\/pt\/wp-json\/wp\/v2\/categories?post=186553"},{"taxonomy":"post_tag","embeddable":true,"href":"https:\/\/www.europesays.com\/pt\/wp-json\/wp\/v2\/tags?post=186553"}],"curies":[{"name":"wp","href":"https:\/\/api.w.org\/{rel}","templated":true}]}}