{"id":186556,"date":"2025-12-13T12:18:14","date_gmt":"2025-12-13T12:18:14","guid":{"rendered":"https:\/\/www.europesays.com\/pt\/186556\/"},"modified":"2025-12-13T12:18:14","modified_gmt":"2025-12-13T12:18:14","slug":"vem-ai-em-terra-forte-maria-de-fatima-comove-antonio-ao-mostrar-que-sempre-quis-o-bem-de-flor-novelas","status":"publish","type":"post","link":"https:\/\/www.europesays.com\/pt\/186556\/","title":{"rendered":"Vem a\u00ed em \u00abTerra Forte\u00bb: Maria de F\u00e1tima comove Ant\u00f3nio ao mostrar que sempre quis o bem de Flor &#8211; Novelas"},"content":{"rendered":"<p>Em \u00abTerra Forte\u00bb, <a href=\"https:\/\/tvi.iol.pt\/novelas\/videos\/terra-forte-maria-de-fatima-e-manuel-tinham-um-caso\/68f65cdc0cf29d28d82976cb\" rel=\"nofollow noopener\" target=\"_blank\">Maria de F\u00e1tima (Rita Pereira)<\/a> entra para tomar o pequeno-almo\u00e7o, estando arranjada de uma maneira muito simples que o habitual. Todos a aplaudem pelo seu ato heroico de ter salvado <a href=\"https:\/\/tvi.iol.pt\/novelas\/videos\/terra-forte-no-dia-do-seu-aniversario-flor-recebe-uma-visita-inesperada\/68f65c7a0cf29d28d82976c8\" rel=\"nofollow noopener\" target=\"_blank\">Flor (Benedita Pereira)<\/a>, Maria de F\u00e1tima sorri enternecida. Todos expressam a Maria de F\u00e1tima que ela provou gostar mesmo de Flor a s\u00e9rio ao salv\u00e1-la da morte. Maria de F\u00e1tima diz a <a href=\"https:\/\/tvi.iol.pt\/novelas\/videos\/terra-forte-emocionante-antonio-e-flor-trocam-juras-de-amor\/68f7b89d0cf29d28d8297a77\" rel=\"nofollow noopener\" target=\"_blank\">Ant\u00f3nio (Jo\u00e3o Catarr\u00e9)<\/a>\u00a0ficar feliz por os ter feito perceberem que nunca quis mal a Flor, e desmistificou a ideia de alguma vez ter querido ficar com o lugar dela na fam\u00edlia.<\/p>\n<p>Maria de F\u00e1tima diz a Ant\u00f3nio que o que fez tamb\u00e9m serve para que todos percebam ser imposs\u00edvel a ideia de ter sido ela quem empurrou Flor do cruzeiro, Ant\u00f3nio assente. Maria de F\u00e1tima pergunta por <a href=\"https:\/\/tvi.iol.pt\/novelas\/videos\/terra-forte-sammy-fica-sem-chao-ao-descobrir-que-flor-e-a-mae-de-rosinha\/68f7b83e0cf29d28d8297a75\" rel=\"nofollow noopener\" target=\"_blank\">Sammy (Jos\u00e9 Fidalgo)<\/a>, Ant\u00f3nio nega saber dele.<\/p>\n<p>Recorde-se que este salvamento veio na melhor altura para Maria de F\u00e1tima, pois estava a ser acusada de v\u00e1rios poss\u00edveis crimes:<\/p>\n","protected":false},"excerpt":{"rendered":"Em \u00abTerra Forte\u00bb, Maria de F\u00e1tima (Rita Pereira) entra para tomar o pequeno-almo\u00e7o, estando arranjada de uma maneira&hellip;\n","protected":false},"author":2,"featured_media":186557,"comment_status":"","ping_status":"","sticky":false,"template":"","format":"standard","meta":{"footnotes":""},"categories":[142],"tags":[160,166,114,115,157,167,2727,164,8598,161,158,165,159,32,33,156,5871,18614,163,151,162],"class_list":{"0":"post-186556","1":"post","2":"type-post","3":"status-publish","4":"format-standard","5":"has-post-thumbnail","7":"category-tv","8":"tag-ana-guiomar","9":"tag-cristina-ferreira","10":"tag-entertainment","11":"tag-entretenimento","12":"tag-festa-e-festa","13":"tag-ficcao","14":"tag-joao-catarre","15":"tag-jose-fidalgo","16":"tag-maria-de-fatima","17":"tag-novelas","18":"tag-para-sempre","19":"tag-pedro-sousa","20":"tag-pedro-teixeira","21":"tag-portugal","22":"tag-pt","23":"tag-queridos-papas","24":"tag-rita-pereira","25":"tag-terra-forte","26":"tag-tiago-teotonio-pereira","27":"tag-tv","28":"tag-tvi"},"share_on_mastodon":{"url":"https:\/\/pubeurope.com\/@pt\/115712223049941006","error":""},"_links":{"self":[{"href":"https:\/\/www.europesays.com\/pt\/wp-json\/wp\/v2\/posts\/186556","targetHints":{"allow":["GET"]}}],"collection":[{"href":"https:\/\/www.europesays.com\/pt\/wp-json\/wp\/v2\/posts"}],"about":[{"href":"https:\/\/www.europesays.com\/pt\/wp-json\/wp\/v2\/types\/post"}],"author":[{"embeddable":true,"href":"https:\/\/www.europesays.com\/pt\/wp-json\/wp\/v2\/users\/2"}],"replies":[{"embeddable":true,"href":"https:\/\/www.europesays.com\/pt\/wp-json\/wp\/v2\/comments?post=186556"}],"version-history":[{"count":0,"href":"https:\/\/www.europesays.com\/pt\/wp-json\/wp\/v2\/posts\/186556\/revisions"}],"wp:featuredmedia":[{"embeddable":true,"href":"https:\/\/www.europesays.com\/pt\/wp-json\/wp\/v2\/media\/186557"}],"wp:attachment":[{"href":"https:\/\/www.europesays.com\/pt\/wp-json\/wp\/v2\/media?parent=186556"}],"wp:term":[{"taxonomy":"category","embeddable":true,"href":"https:\/\/www.europesays.com\/pt\/wp-json\/wp\/v2\/categories?post=186556"},{"taxonomy":"post_tag","embeddable":true,"href":"https:\/\/www.europesays.com\/pt\/wp-json\/wp\/v2\/tags?post=186556"}],"curies":[{"name":"wp","href":"https:\/\/api.w.org\/{rel}","templated":true}]}}