{"id":186564,"date":"2025-12-13T12:25:06","date_gmt":"2025-12-13T12:25:06","guid":{"rendered":"https:\/\/www.europesays.com\/pt\/186564\/"},"modified":"2025-12-13T12:25:06","modified_gmt":"2025-12-13T12:25:06","slug":"morreu-o-ator-peter-greene","status":"publish","type":"post","link":"https:\/\/www.europesays.com\/pt\/186564\/","title":{"rendered":"Morreu o ator Peter Greene"},"content":{"rendered":"<p>\t                O ator, conhecido pelos seus pap\u00e9is de vil\u00e3o, tinha 60 anos<\/p>\n<p>Peter Greene, ator norte-americano conhecido pelos seus pap\u00e9is de vil\u00e3o em filmes como &#8220;Pulp Fiction&#8221; e &#8220;A M\u00e1scara&#8221;, morreu aos 60 anos.<\/p>\n<p>O ator foi encontrado morto no seu apartamento em Nova Iorque na sexta-feira, confirmou o seu agente. A causa da morte n\u00e3o foi revelada.<\/p>\n<p>Greene foi elogiado pelos v\u00e1rios vil\u00f5es e criminosos que interpretou na sua carreira de ator, que come\u00e7ou aos 20 anos. \u201cNingu\u00e9m interpretava um vil\u00e3o melhor do que Peter\u201d, disse o empres\u00e1rio Gregg Edwards. \u201cMas ele tamb\u00e9m tinha um lado gentil que a maioria das pessoas nunca viu, e um cora\u00e7\u00e3o grande como ouro.\u201d<\/p>\n<p>Greene interpretou a personagem de Zed, um s\u00e1dico seguran\u00e7a violador no filme Pulp Fiction,\u00a0de 1994. de Quentin Tarantino.\u00a0Numa entrevista em 2011, Greene revelou que inicialmente tinha recusado o papel devido ao seu conte\u00fado demasiado gr\u00e1fico, uma vez que uma cena envolvia Zed a ordenar a um c\u00famplice mascarado que vigiasse Butch, interpretado por Bruce Willis, enquanto este agredia sexualmente Marcellus, interpretado por Ving Rhames.<\/p>\n<p>\u201cQuando recebi o gui\u00e3o, fiquei completamente desiludido\u201d, disse o ator. &#8220;A forma como foi escrito n\u00e3o me agradava. Se alguma vez viram &#8216;Deliverance&#8217;, nunca mais viram o tipo que pegou em Ned Beatty e o fez \u2018guinchar como um porco\u2019, por isso n\u00e3o achei que fosse uma boa aposta para a minha carreira.&#8221;<\/p>\n<p>Mas, depois, acabou por mudar de opini\u00e3o.<\/p>\n<p>No mesmo ano, vimo-lo em &#8220;A M\u00e1scara&#8221;, protagonizado por\u00a0 Jim Carrey, onde interpretou\u00a0o vil\u00e3o Dorian Tyrell.<\/p>\n<p>Peter Greene \u00e9 tamb\u00e9m recordado pelo suas participa\u00e7\u00f5es em &#8220;Dia de Treino&#8221;, ao lado de Denzel Washington, e em &#8220;Os Suspeitos do Costume&#8221;.<\/p>\n<p>Para al\u00e9m dos seus pap\u00e9is secund\u00e1rios, Greene foi protagonista do filme &#8220;Clean, Shaven&#8221;, de 1993, relizado por \u00a0Lodge Kerrigan, no qual interpretou um homem com esquizofrenia que \u00e9 suspeito de um homic\u00eddio.<\/p>\n<p>\u00a0<\/p>\n","protected":false},"excerpt":{"rendered":"O ator, conhecido pelos seus pap\u00e9is de vil\u00e3o, tinha 60 anos Peter Greene, ator norte-americano conhecido pelos seus&hellip;\n","protected":false},"author":2,"featured_media":186565,"comment_status":"","ping_status":"","sticky":false,"template":"","format":"standard","meta":{"footnotes":""},"categories":[85],"tags":[37871,609,611,1753,27,470,607,608,315,3144,610,114,115,870,570,170,1437,150,13,37872,32,33,37870,941,2387,29],"class_list":{"0":"post-186564","1":"post","2":"type-post","3":"status-publish","4":"format-standard","5":"has-post-thumbnail","7":"category-entretenimento","8":"tag-a-mascara","9":"tag-alerta","10":"tag-ao-minuto","11":"tag-artes","12":"tag-breaking-news","13":"tag-cinema","14":"tag-cnn","15":"tag-cnn-portugal","16":"tag-cultura","17":"tag-danca","18":"tag-direto","19":"tag-entertainment","20":"tag-entretenimento","21":"tag-eventos","22":"tag-live","23":"tag-livros","24":"tag-morte","25":"tag-musica","26":"tag-noticias","27":"tag-peter-greene","28":"tag-portugal","29":"tag-pt","30":"tag-pulp-fiction","31":"tag-series","32":"tag-teatro","33":"tag-ultimas"},"share_on_mastodon":{"url":"","error":""},"_links":{"self":[{"href":"https:\/\/www.europesays.com\/pt\/wp-json\/wp\/v2\/posts\/186564","targetHints":{"allow":["GET"]}}],"collection":[{"href":"https:\/\/www.europesays.com\/pt\/wp-json\/wp\/v2\/posts"}],"about":[{"href":"https:\/\/www.europesays.com\/pt\/wp-json\/wp\/v2\/types\/post"}],"author":[{"embeddable":true,"href":"https:\/\/www.europesays.com\/pt\/wp-json\/wp\/v2\/users\/2"}],"replies":[{"embeddable":true,"href":"https:\/\/www.europesays.com\/pt\/wp-json\/wp\/v2\/comments?post=186564"}],"version-history":[{"count":0,"href":"https:\/\/www.europesays.com\/pt\/wp-json\/wp\/v2\/posts\/186564\/revisions"}],"wp:featuredmedia":[{"embeddable":true,"href":"https:\/\/www.europesays.com\/pt\/wp-json\/wp\/v2\/media\/186565"}],"wp:attachment":[{"href":"https:\/\/www.europesays.com\/pt\/wp-json\/wp\/v2\/media?parent=186564"}],"wp:term":[{"taxonomy":"category","embeddable":true,"href":"https:\/\/www.europesays.com\/pt\/wp-json\/wp\/v2\/categories?post=186564"},{"taxonomy":"post_tag","embeddable":true,"href":"https:\/\/www.europesays.com\/pt\/wp-json\/wp\/v2\/tags?post=186564"}],"curies":[{"name":"wp","href":"https:\/\/api.w.org\/{rel}","templated":true}]}}