{"id":186586,"date":"2025-12-13T12:46:10","date_gmt":"2025-12-13T12:46:10","guid":{"rendered":"https:\/\/www.europesays.com\/pt\/186586\/"},"modified":"2025-12-13T12:46:10","modified_gmt":"2025-12-13T12:46:10","slug":"mais-de-mil-autarcas-elegem-presidente-da-associacao-nacional-de-municipios","status":"publish","type":"post","link":"https:\/\/www.europesays.com\/pt\/186586\/","title":{"rendered":"Mais de mil autarcas elegem presidente da Associa\u00e7\u00e3o Nacional de Munic\u00edpios"},"content":{"rendered":"<p>        Pedro Pimp\u00e3o, reeleito presidente da C\u00e2mara de Pombal pelo PSD, \u00e9 candidato \u00fanico a suceder \u00e0 Socialista Lu\u00edsa Salgueiro, que dever\u00e1 vir a presidir \u00e0 Mesa do Congresso. J\u00e1 Pedro Duarte, presidente da C\u00e2mara do Porto, vai encabe\u00e7ar a lista ao Conselho Geral da Associa\u00e7\u00e3o.    <\/p>\n<p>Centenas de autarcas re\u00fanem-se hoje e domingo num congresso em Viana do Castelo, ap\u00f3s as aut\u00e1rquicas, no qual o social-democrata Pedro Pimp\u00e3o dever\u00e1 ser confirmado como presidente da Associa\u00e7\u00e3o Nacional de Munic\u00edpios Portugueses (ANMP).<\/p>\n<p class=\"text-paragraph\">No XXVII Congresso da ANMP, que se segue a umas elei\u00e7\u00f5es aut\u00e1rquicas, Pedro Pimp\u00e3o, presidente reeleito da C\u00e2mara de Pombal (PSD), \u00e9 o candidato \u00fanico a suceder \u00e0 socialista Lu\u00edsa Salgueiro, presidente da C\u00e2mara de Matosinhos (na foto).<\/p>\n<p class=\"text-paragraph\">Lu\u00edsa Salgueiro deixa o cargo de presidente da ANMP depois de o PSD ter vencido em mais c\u00e2maras no todo nacional, ficando por isso com a presid\u00eancia da associa\u00e7\u00e3o que representa os munic\u00edpios.<\/p>\n<p class=\"text-paragraph\">A vota\u00e7\u00e3o para a elei\u00e7\u00e3o dos membros dos diversos \u00f3rg\u00e3os da ANMP decorre hoje. Al\u00e9m de autarcas eleitos pelo PSD, far\u00e3o parte do Conselho Diretivo autarcas socialistas e autarcas eleitos por movimentos independentes.<\/p>\n<p>Segundo Pedro Pimp\u00e3o, citado pela ag\u00eancia Lusa, Pedro Duarte, presidente da C\u00e2mara do Porto, vai encabe\u00e7ar a lista ao Conselho Geral da ANMP, enquanto Lu\u00edsa Salgueiro dever\u00e1 presidir a Mesa do Congresso.<\/p>\n<p class=\"text-paragraph\">Pedro Duarte, que foi eleito presidente da autarquia portuense em 12 de outubro, concorre ao \u00f3rg\u00e3o m\u00e1ximo entre Congressos da ANMP, depois da C\u00e2mara do Porto ter aprovado o regresso \u00e0 associa\u00e7\u00e3o, na primeira reuni\u00e3o do novo executivo, que ocorreu em 10 de novembro.<\/p>\n<p class=\"text-paragraph\">A sa\u00edda da autarquia do Porto da ANMP tinha ocorrido em abril de 2022, em consequ\u00eancia do processo de descentraliza\u00e7\u00e3o de compet\u00eancias.<\/p>\n<p class=\"text-paragraph\">Pela primeira vez, a CDU, que ganhou em 12 c\u00e2maras, fica de fora da dire\u00e7\u00e3o da ANMP e o Chega, que elegeu apenas presidentes em tr\u00eas c\u00e2maras, tamb\u00e9m teve um resultado que ficou longe de uma presen\u00e7a no Conselho Diretivo.<\/p>\n<p class=\"text-paragraph\">Al\u00e9m da elei\u00e7\u00e3o dos novos dirigentes, ao congresso ser\u00e3o levados os temas mais relevantes para os munic\u00edpios nos pr\u00f3ximos anos, nomeadamente autonomia, descentraliza\u00e7\u00e3o, o financiamento local, a sustentabilidade e a coes\u00e3o territorial.<\/p>\n<p class=\"text-paragraph\">O primeiro tema em debate, \u201cAutonomia e Descentraliza\u00e7\u00e3o\u201d, ser\u00e1 apresentado hoje no Congresso e tem como relator Manuel Cordeiro, presidente da C\u00e2mara de S\u00e3o Jo\u00e3o da Pesqueira (PSD, ex-independente).<\/p>\n<p class=\"text-paragraph\">No domingo, o presidente da C\u00e2mara de Loures (PS), Ricardo Le\u00e3o, trar\u00e1 a debate o tema do \u201cFinanciamento Local\u201d, tendo em conta que uma nova lei das finan\u00e7as locais \u00e9 uma das principais reivindica\u00e7\u00f5es dos autarcas.<\/p>\n<p class=\"text-paragraph\">No mesmo dia, Francisco Lopes (PSD), presidente da C\u00e2mara Municipal de Lamego, trar\u00e1 ao debate dos autarcas o tema \u201cSustentabilidade e Coes\u00e3o\u201d.<\/p>\n<p class=\"text-paragraph\">No domingo \u00e0 tarde ser\u00e1 debatida e depois votada a resolu\u00e7\u00e3o do XXVII Congresso da ANMP, com as principais conclus\u00f5es e compromissos dos munic\u00edpios para o pr\u00f3ximo mandato.<\/p>\n<p class=\"text-paragraph\">O secret\u00e1rio de Estado das Comunidades, Em\u00eddio Sousa, que antes de ir para o Governo foi presidente da C\u00e2mara de Santa Maria da Feira, apresentar\u00e1 o evento \u201cPortugal Na\u00e7\u00e3o Global\u201d, que pretende juntar todos os portugueses no mundo, desde empres\u00e1rios, autarcas, entidades e representantes das comunidades para \u201cpromover neg\u00f3cios, parcerias e desenvolvimento econ\u00f3mico\u201d.<\/p>\n<p class=\"text-paragraph\">No congresso s\u00e3o ainda esperados o ministro da Economia e Coes\u00e3o Territorial, Manuel Castro Almeida, e o primeiro-ministro, Lu\u00eds Montenegro.<\/p>\n<p class=\"text-paragraph\">A ANMP realiza congressos de dois em dois anos, sendo que s\u00f3 aquele que se segue a elei\u00e7\u00f5es aut\u00e1rquicas \u00e9 eletivo.<\/p>\n<p class=\"text-paragraph\">Nas \u00faltimas aut\u00e1rquicas, o PSD venceu o maior n\u00famero de c\u00e2maras, recuperando a ANMP, que pertencia ao PS desde 2013.<\/p>\n<p class=\"text-paragraph\">No total nacional, o PSD, com listas pr\u00f3prias ou em coliga\u00e7\u00f5es, venceu em 136 munic\u00edpios, contra 128 do PS, quando em 2021 tinha triunfado em 114, contra 149 dos socialistas.<\/p>\n","protected":false},"excerpt":{"rendered":"Pedro Pimp\u00e3o, reeleito presidente da C\u00e2mara de Pombal pelo PSD, \u00e9 candidato \u00fanico a suceder \u00e0 Socialista Lu\u00edsa&hellip;\n","protected":false},"author":2,"featured_media":74074,"comment_status":"","ping_status":"","sticky":false,"template":"","format":"standard","meta":{"footnotes":""},"categories":[10],"tags":[35238,37876,27,28,15,16,14,25,26,37877,21,22,12,13,19,20,18043,37878,32,23,24,33,17,18,29,30,31],"class_list":{"0":"post-186586","1":"post","2":"type-post","3":"status-publish","4":"format-standard","5":"has-post-thumbnail","7":"category-portugal","8":"tag-anmp","9":"tag-associacao-nacional-de-municipios","10":"tag-breaking-news","11":"tag-breakingnews","12":"tag-featured-news","13":"tag-featurednews","14":"tag-headlines","15":"tag-latest-news","16":"tag-latestnews","17":"tag-luisa-salgueiro","18":"tag-main-news","19":"tag-mainnews","20":"tag-news","21":"tag-noticias","22":"tag-noticias-principais","23":"tag-noticiasprincipais","24":"tag-pedro-duarte","25":"tag-pedro-pimpao","26":"tag-portugal","27":"tag-principais-noticias","28":"tag-principaisnoticias","29":"tag-pt","30":"tag-top-stories","31":"tag-topstories","32":"tag-ultimas","33":"tag-ultimas-noticias","34":"tag-ultimasnoticias"},"share_on_mastodon":{"url":"https:\/\/pubeurope.com\/@pt\/115712333136189288","error":""},"_links":{"self":[{"href":"https:\/\/www.europesays.com\/pt\/wp-json\/wp\/v2\/posts\/186586","targetHints":{"allow":["GET"]}}],"collection":[{"href":"https:\/\/www.europesays.com\/pt\/wp-json\/wp\/v2\/posts"}],"about":[{"href":"https:\/\/www.europesays.com\/pt\/wp-json\/wp\/v2\/types\/post"}],"author":[{"embeddable":true,"href":"https:\/\/www.europesays.com\/pt\/wp-json\/wp\/v2\/users\/2"}],"replies":[{"embeddable":true,"href":"https:\/\/www.europesays.com\/pt\/wp-json\/wp\/v2\/comments?post=186586"}],"version-history":[{"count":0,"href":"https:\/\/www.europesays.com\/pt\/wp-json\/wp\/v2\/posts\/186586\/revisions"}],"wp:featuredmedia":[{"embeddable":true,"href":"https:\/\/www.europesays.com\/pt\/wp-json\/wp\/v2\/media\/74074"}],"wp:attachment":[{"href":"https:\/\/www.europesays.com\/pt\/wp-json\/wp\/v2\/media?parent=186586"}],"wp:term":[{"taxonomy":"category","embeddable":true,"href":"https:\/\/www.europesays.com\/pt\/wp-json\/wp\/v2\/categories?post=186586"},{"taxonomy":"post_tag","embeddable":true,"href":"https:\/\/www.europesays.com\/pt\/wp-json\/wp\/v2\/tags?post=186586"}],"curies":[{"name":"wp","href":"https:\/\/api.w.org\/{rel}","templated":true}]}}