{"id":186612,"date":"2025-12-13T13:15:15","date_gmt":"2025-12-13T13:15:15","guid":{"rendered":"https:\/\/www.europesays.com\/pt\/186612\/"},"modified":"2025-12-13T13:15:15","modified_gmt":"2025-12-13T13:15:15","slug":"fc-porto-multado-e-condenado-a-jogo-no-estadio-do-dragao-sem-claques","status":"publish","type":"post","link":"https:\/\/www.europesays.com\/pt\/186612\/","title":{"rendered":"FC Porto multado e condenado a jogo no Est\u00e1dio do Drag\u00e3o sem claques"},"content":{"rendered":"<p>&#8211; Advertisement &#8211;<\/p>\n<p><strong>O FC Porto foi condenado a um jogo sem claques no Est\u00e1dio do Drag\u00e3o. Em causa incidentes no Cl\u00e1ssico contra o Sporting.<\/strong><\/p>\n<p>O FC Porto vai fazer um jogo no Est\u00e1dio do Drag\u00e3o sem claques. O Conselho de Disciplina da FPF confirmou a interdi\u00e7\u00e3o tempor\u00e1ria dos setores do est\u00e1dio destinados aos Grupos Organizados de Adeptos (GOA), no caso do FC Porto as claques Super Drag\u00f5es e Coletivo Ultras 95.<\/p>\n<p>A puni\u00e7\u00e3o resulta da <a href=\"https:\/\/bolanarede.pt\/especial-bola-na-rede\/atualidade\/conselho-de-disciplina-da-fpf-abre-inquerito-pelo-sporting-x-fc-porto\/\" target=\"_blank\" rel=\"noreferrer noopener nofollow\">queixa apresentada pelo Sporting<\/a> ap\u00f3s os incidentes do Cl\u00e1ssico da 4.\u00aa jornada, jogado a 30 de agosto, quando adeptos do Sporting foram atingidos por vidros lan\u00e7ados por adeptos do FC Porto.<\/p>\n<p>Al\u00e9m da interdi\u00e7\u00e3o, nota tamb\u00e9m \u00e0 multa no valor de 3.825\u20ac. Todas as san\u00e7\u00f5es ser\u00e3o colocadas em suspenso, de acordo com o jornal A Bola, uma vez que o FC Porto vai recorrer da decis\u00e3o ao TAD, o Tribunal Arbitral do Desporto. <\/p>\n","protected":false},"excerpt":{"rendered":"&#8211; Advertisement &#8211; O FC Porto foi condenado a um jogo sem claques no Est\u00e1dio do Drag\u00e3o. Em&hellip;\n","protected":false},"author":2,"featured_media":53318,"comment_status":"","ping_status":"","sticky":false,"template":"","format":"standard","meta":{"footnotes":""},"categories":[87],"tags":[260,135,478,282,32,479,33,34,134],"class_list":{"0":"post-186612","1":"post","2":"type-post","3":"status-publish","4":"format-standard","5":"has-post-thumbnail","7":"category-desporto","8":"tag-atualidade","9":"tag-desporto","10":"tag-destaques-bnr","11":"tag-fc-porto","12":"tag-portugal","13":"tag-primeira-liga","14":"tag-pt","15":"tag-sporting","16":"tag-sports"},"share_on_mastodon":{"url":"https:\/\/pubeurope.com\/@pt\/115712447397242219","error":""},"_links":{"self":[{"href":"https:\/\/www.europesays.com\/pt\/wp-json\/wp\/v2\/posts\/186612","targetHints":{"allow":["GET"]}}],"collection":[{"href":"https:\/\/www.europesays.com\/pt\/wp-json\/wp\/v2\/posts"}],"about":[{"href":"https:\/\/www.europesays.com\/pt\/wp-json\/wp\/v2\/types\/post"}],"author":[{"embeddable":true,"href":"https:\/\/www.europesays.com\/pt\/wp-json\/wp\/v2\/users\/2"}],"replies":[{"embeddable":true,"href":"https:\/\/www.europesays.com\/pt\/wp-json\/wp\/v2\/comments?post=186612"}],"version-history":[{"count":0,"href":"https:\/\/www.europesays.com\/pt\/wp-json\/wp\/v2\/posts\/186612\/revisions"}],"wp:featuredmedia":[{"embeddable":true,"href":"https:\/\/www.europesays.com\/pt\/wp-json\/wp\/v2\/media\/53318"}],"wp:attachment":[{"href":"https:\/\/www.europesays.com\/pt\/wp-json\/wp\/v2\/media?parent=186612"}],"wp:term":[{"taxonomy":"category","embeddable":true,"href":"https:\/\/www.europesays.com\/pt\/wp-json\/wp\/v2\/categories?post=186612"},{"taxonomy":"post_tag","embeddable":true,"href":"https:\/\/www.europesays.com\/pt\/wp-json\/wp\/v2\/tags?post=186612"}],"curies":[{"name":"wp","href":"https:\/\/api.w.org\/{rel}","templated":true}]}}